{"id":17450,"date":"2025-10-05T15:13:14","date_gmt":"2025-10-05T13:13:14","guid":{"rendered":"https:\/\/mongonzalez.es\/?p=17450"},"modified":"2025-10-05T17:50:12","modified_gmt":"2025-10-05T15:50:12","slug":"breu-cronologia-de-la-historia-de-palestina-i-israel","status":"publish","type":"post","link":"https:\/\/mongonzalez.es\/ca\/breu-cronologia-de-la-historia-de-palestina-i-israel\/","title":{"rendered":"Breu cronologia de la hist\u00f2ria de Palestina i Israel"},"content":{"rendered":"<p style=\"text-align: right;\"><strong>Primera publicaci\u00f3: 28\/05\/2024<\/strong><\/p>\n<p style=\"text-align: right;\"><strong>\u00daltima actualitzaci\u00f3: 05\/10\/2025<\/strong><\/p>\n<p>Dels <strong>9 817 jueus<\/strong> que hi havia en la terra de la <strong>Palestina<\/strong> hist\u00f2rica en el cens otom\u00e0 de <strong>1881<\/strong> van passar, mitjan\u00e7ant immigraci\u00f3 massiva, a 554 000 en 1948, any de la creaci\u00f3 d&#8217;Israel. Aix\u00ed i tot, la poblaci\u00f3 palestina continuava sent majorit\u00e0ria i no va acceptar aquesta invasi\u00f3 moderna, aix\u00ed que van seguir sis guerres regionals; dos al\u00e7aments populars palestins (intifades); i sis guerres d&#8217;Israel sobre Gaza (sent la sisena la que va comen\u00e7ar el 8 d&#8217;octubre de 2023 i que s&#8217;abordar\u00e0 en un altre document d&#8217;aquesta web). El saldo de <strong>morts entre 1900 i setembre de 2023<\/strong> ha estat de, almenys, <strong>79 338 \u00e0rabs-palestins<\/strong> i <strong>12 159 jueus-israelians<\/strong>.<\/p>\n<p>Es recomana consultar per a <strong>bibliografia: (1)<\/strong> sobre Palestina i els palestins: <a href=\"http:\/\/www.mideastweb.org\/palbib.htm\" target=\"_blank\" rel=\"noopener\">http:\/\/www.mideastweb.org\/palbib.htm<\/a>; <strong>(2)<\/strong> sobre el sionisme: <a href=\"http:\/\/www.mideastweb.org\/zionbib.htm\" target=\"_blank\" rel=\"noopener\">http:\/\/www.mideastweb.org\/zionbib.htm<\/a>; <strong>(3)<\/strong> sobre la hist\u00f2ria d&#8217;Israel i Palestina des de 1880: <a href=\"http:\/\/www.mideastweb.org\/isrzionbib.htm\" target=\"_blank\" rel=\"noopener\">http:\/\/www.mideastweb.org\/isrzionbib.htm<\/a>.<\/p>\n<p>La cronologia que presento a continuaci\u00f3 nom\u00e9s cont\u00e9 un nombre limitat de notes a peu i\/o enlla\u00e7os. La totalitat de les fonts d&#8217;informaci\u00f3 consultades es recull en un pdf (\u00fanicament disponible en castell\u00e0) que trobar\u00e0s en la versi\u00f3 en castell\u00e0 (<em>castellano<\/em>) d&#8217;aquesta entrada d&#8217;aquesta web.<\/p>\n<div id=\"ez-toc-container\" class=\"ez-toc-v2_0_81 ez-toc-grey ez-toc-container-direction\">\n<div class=\"ez-toc-title-container\">\n<p class=\"ez-toc-title\" style=\"cursor:inherit\">Etapes d&#039;aquesta breu cronologia de la hist\u00f2ria<\/p>\n<span class=\"ez-toc-title-toggle\"><a href=\"#\" class=\"ez-toc-pull-right ez-toc-btn ez-toc-btn-xs ez-toc-btn-default ez-toc-toggle\" aria-label=\"Toggle Table of Content\"><span class=\"ez-toc-js-icon-con\"><span class=\"\"><span class=\"eztoc-hide\" style=\"display:none;\">Toggle<\/span><span class=\"ez-toc-icon-toggle-span\"><svg style=\"fill: #999;color:#999\" xmlns=\"http:\/\/www.w3.org\/2000\/svg\" class=\"list-377408\" width=\"20px\" height=\"20px\" viewBox=\"0 0 24 24\" fill=\"none\"><path d=\"M6 6H4v2h2V6zm14 0H8v2h12V6zM4 11h2v2H4v-2zm16 0H8v2h12v-2zM4 16h2v2H4v-2zm16 0H8v2h12v-2z\" fill=\"currentColor\"><\/path><\/svg><svg style=\"fill: #999;color:#999\" class=\"arrow-unsorted-368013\" xmlns=\"http:\/\/www.w3.org\/2000\/svg\" width=\"10px\" height=\"10px\" viewBox=\"0 0 24 24\" version=\"1.2\" baseProfile=\"tiny\"><path d=\"M18.2 9.3l-6.2-6.3-6.2 6.3c-.2.2-.3.4-.3.7s.1.5.3.7c.2.2.4.3.7.3h11c.3 0 .5-.1.7-.3.2-.2.3-.5.3-.7s-.1-.5-.3-.7zM5.8 14.7l6.2 6.3 6.2-6.3c.2-.2.3-.5.3-.7s-.1-.5-.3-.7c-.2-.2-.4-.3-.7-.3h-11c-.3 0-.5.1-.7.3-.2.2-.3.5-.3.7s.1.5.3.7z\"\/><\/svg><\/span><\/span><\/span><\/a><\/span><\/div>\n<nav><ul class='ez-toc-list ez-toc-list-level-1 ' ><li class='ez-toc-page-1 ez-toc-heading-level-1'><a class=\"ez-toc-link ez-toc-heading-1\" href=\"https:\/\/mongonzalez.es\/ca\/breu-cronologia-de-la-historia-de-palestina-i-israel\/#1_tres_questions_controvertides_del_passat_llunya\" >1. Tres q\u00fcestions controvertides del passat lluny\u00e0<\/a><ul class='ez-toc-list-level-2' ><li class='ez-toc-heading-level-2'><a class=\"ez-toc-link ez-toc-heading-2\" href=\"https:\/\/mongonzalez.es\/ca\/breu-cronologia-de-la-historia-de-palestina-i-israel\/#11_lisrael_historic_se_situa_a_asir\" >1.1. L&#8217;Israel hist\u00f2ric se situa a Asir<\/a><\/li><li class='ez-toc-page-1 ez-toc-heading-level-2'><a class=\"ez-toc-link ez-toc-heading-3\" href=\"https:\/\/mongonzalez.es\/ca\/breu-cronologia-de-la-historia-de-palestina-i-israel\/#12_emigracio_dels_jueus_cap_a_la_palestina_i%e2%80%a6_expulsio_i_diaspora\" >1.2. Emigraci\u00f3 dels jueus cap a la Palestina, i&#8230; expulsi\u00f3 i di\u00e0spora?<\/a><\/li><\/ul><\/li><li class='ez-toc-page-1 ez-toc-heading-level-1'><a class=\"ez-toc-link ez-toc-heading-4\" href=\"https:\/\/mongonzalez.es\/ca\/breu-cronologia-de-la-historia-de-palestina-i-israel\/#2_des_del_naixement_del_sionisme_fins_a_la_creacio_de_lestat_disrael\" >2. Des del naixement del sionisme fins a la creaci\u00f3 de l&#8217;Estat d&#8217;Israel<\/a><ul class='ez-toc-list-level-2' ><li class='ez-toc-heading-level-2'><a class=\"ez-toc-link ez-toc-heading-5\" href=\"https:\/\/mongonzalez.es\/ca\/breu-cronologia-de-la-historia-de-palestina-i-israel\/#21_naixement_i_expansio_en_el_segle_xix_del_sionisme_i_els_seus_aliyot_cap_a_la_palestina_historica\" >2.1. Naixement i expansi\u00f3 en el segle XIX del sionisme i els seus aliyot cap a la Palestina hist\u00f2rica<\/a><\/li><li class='ez-toc-page-1 ez-toc-heading-level-2'><a class=\"ez-toc-link ez-toc-heading-6\" href=\"https:\/\/mongonzalez.es\/ca\/breu-cronologia-de-la-historia-de-palestina-i-israel\/#22_ocupacio_del_territori_la_palestina_historica_per_regne_unit_i_mandat_britanic_des_de_1922\" >2.2. Ocupaci\u00f3 del territori la Palestina hist\u00f2rica per Regne Unit i Mandat brit\u00e0nic des de 1922<\/a><\/li><li class='ez-toc-page-1 ez-toc-heading-level-2'><a class=\"ez-toc-link ez-toc-heading-7\" href=\"https:\/\/mongonzalez.es\/ca\/breu-cronologia-de-la-historia-de-palestina-i-israel\/#23_resolucio_agnu_181\" >2.3. Resoluci\u00f3 AGNU 181<\/a><\/li><li class='ez-toc-page-1 ez-toc-heading-level-2'><a class=\"ez-toc-link ez-toc-heading-8\" href=\"https:\/\/mongonzalez.es\/ca\/breu-cronologia-de-la-historia-de-palestina-i-israel\/#24_declaracio_unilateral_disrael\" >2.4. Declaraci\u00f3 unilateral d&#8217;Israel<\/a><\/li><\/ul><\/li><li class='ez-toc-page-1 ez-toc-heading-level-1'><a class=\"ez-toc-link ez-toc-heading-9\" href=\"https:\/\/mongonzalez.es\/ca\/breu-cronologia-de-la-historia-de-palestina-i-israel\/#3_les_sis_guerres_arab-israelians\" >3. Les sis guerres \u00e0rab-israelians<\/a><\/li><li class='ez-toc-page-1 ez-toc-heading-level-1'><a class=\"ez-toc-link ez-toc-heading-10\" href=\"https:\/\/mongonzalez.es\/ca\/breu-cronologia-de-la-historia-de-palestina-i-israel\/#4la_primera_intifada_palestina_i_lesperanca_de_la_pau_amb_els_acords_doslo_de_1993_i_de_taba_de_1995\" >4.La primera intifada palestina i l&#8217;esperan\u00e7a de la pau amb els Acords d&#8217;Oslo de 1993 i de Taba de 1995<\/a><\/li><li class='ez-toc-page-1 ez-toc-heading-level-1'><a class=\"ez-toc-link ez-toc-heading-11\" href=\"https:\/\/mongonzalez.es\/ca\/breu-cronologia-de-la-historia-de-palestina-i-israel\/#5_la_radicalitzacio_de_la_politica_israeliana_la_segona_intifada_i_lombra_de_la_pau\" >5. La radicalitzaci\u00f3 de la pol\u00edtica israeliana, la segona intifada i l&#8217;ombra de la pau<\/a><\/li><li class='ez-toc-page-1 ez-toc-heading-level-1'><a class=\"ez-toc-link ez-toc-heading-12\" href=\"https:\/\/mongonzalez.es\/ca\/breu-cronologia-de-la-historia-de-palestina-i-israel\/#6_preparant_lobjectiu_final_per_a_gaza_i_el_final_del_somni_dun_estat_palesti\" >6. Preparant l&#8217;objectiu final per a Gaza i el final del somni d&#8217;un Estat palest\u00ed<\/a><\/li><li class='ez-toc-page-1 ez-toc-heading-level-1'><a class=\"ez-toc-link ez-toc-heading-13\" href=\"https:\/\/mongonzalez.es\/ca\/breu-cronologia-de-la-historia-de-palestina-i-israel\/#7_breu_sintesi_historica_en_termes_de_territori_poblacio_i_ideologia\" >7. Breu s\u00edntesi hist\u00f2rica en termes de territori, poblaci\u00f3 i ideologia<\/a><ul class='ez-toc-list-level-2' ><li class='ez-toc-heading-level-2'><a class=\"ez-toc-link ez-toc-heading-14\" href=\"https:\/\/mongonzalez.es\/ca\/breu-cronologia-de-la-historia-de-palestina-i-israel\/#71_territori\" >7.1. Territori<\/a><\/li><li class='ez-toc-page-1 ez-toc-heading-level-2'><a class=\"ez-toc-link ez-toc-heading-15\" href=\"https:\/\/mongonzalez.es\/ca\/breu-cronologia-de-la-historia-de-palestina-i-israel\/#72_poblacio\" >7.2. Poblaci\u00f3<\/a><\/li><li class='ez-toc-page-1 ez-toc-heading-level-2'><a class=\"ez-toc-link ez-toc-heading-16\" href=\"https:\/\/mongonzalez.es\/ca\/breu-cronologia-de-la-historia-de-palestina-i-israel\/#73_ideologia_sionisme\" >7.3. Ideologia: Sionisme<\/a><\/li><\/ul><\/li><\/ul><\/nav><\/div>\n<h1><span class=\"ez-toc-section\" id=\"1_tres_questions_controvertides_del_passat_llunya\"><\/span><strong>1. Tres q\u00fcestions controvertides del passat lluny\u00e0<\/strong><span class=\"ez-toc-section-end\"><\/span><\/h1>\n<p>Hi ha tres q\u00fcestions controvertides del passat lluny\u00e0: <strong>(1)<\/strong> ubicaci\u00f3 de l&#8217;Israel hist\u00f2ric (Palestina o <strong>Asir<\/strong>); (2) expulsi\u00f3 dels jueus de la Palestina hist\u00f2rica (realitat o mite); i (3) puresa i superioritat de la ra\u00e7a jueva (<strong>mite<\/strong> o realitat). Aquesta primera part de la cronologia inclour\u00e0 l&#8217;exposici\u00f3 de les dues teories principals en qu\u00e8 es basen aquestes tres controv\u00e8rsies.<\/p>\n<h2><span class=\"ez-toc-section\" id=\"11_lisrael_historic_se_situa_a_asir\"><\/span><strong>1.1. L&#8217;Israel hist\u00f2ric se situa a Asir<\/strong><span class=\"ez-toc-section-end\"><\/span><\/h2>\n<p><strong>(1.A)<\/strong> El relat tradicional jueu sost\u00e9 que la <strong>B\u00edblia Hebrea<\/strong> o Tanaj [acr\u00f2nim dels 39 llibres que cont\u00e9, els 5 de la Llei (Torah), els 22 dels Profetes (Nevim) i els 13 dels Escrits (Ketuvim)], tamb\u00e9 coneguda en els mons cristians com &#8220;L&#8217;Antic Testament&#8221;, va <strong>transc\u00f3rrer<\/strong> en el territori de la <strong><a href=\"https:\/\/ca.wikipedia.org\/wiki\/Palestina\" target=\"_blank\" rel=\"noopener\">Palestina hist\u00f2rica<\/a>,<\/strong> on se situarien els Regnes d&#8217;Israel i de la Judea. Per a accedir al relat tradicional jueu, es poden consultar innombrables fonts: suggereixo consultar el llibre &#8220;Judaism&#8221; d&#8217;Oliver Leaman o la p\u00e0gina sobre l&#8217;antic Israel en Wikipedia.<\/p>\n<p>No obstant aix\u00f2, no hi ha evid\u00e8ncies ni arqueol\u00f2giques ni topon\u00edmiques que la B\u00edblia Hebrea transcorregu\u00e9s en el territori de la Palestina hist\u00f2rica. Cap inscripci\u00f3 trobada en Palestina pels arque\u00f2legs es refereix ni al Jerusalem b\u00edblic ni a cap altre lloc de la B\u00edblia Hebrea o Tanaj. Aix\u00ed mateix, encara que en el Tanaj es recull que el poble triat va ser a Egipte, cap de les inscripcions de l&#8217;Antic Egipte recull aquest fet, la qual cosa sempre ha resultat molt estrany per a la historiografia, donada la coneguda meticulositat de la historiografia eg\u00edpcia.<\/p>\n<p><strong>(1.B)<\/strong> Enfront d&#8217;aquest relat tradicional, es troben <strong>les recerques de l&#8217;historiador liban\u00e8s Kamal Salibi<\/strong> que sostenen que la hist\u00f2ria del Regne d&#8217;Israel recollida en la B\u00edblia Hebrea va transc\u00f3rrer, des de segle XI fins a VI abans de l&#8217;era comuna (a.e.c.), en el que actualment \u00e9s la <a href=\"https:\/\/ca.wikipedia.org\/wiki\/Regi%C3%B3_d%27Asir\" target=\"_blank\" rel=\"noopener\"><strong>regi\u00f3 d&#8217;Asir<\/strong> <\/a>i sud de la regi\u00f3 de Hijaz, en l&#8217;actual Ar\u00e0bia Saudita sud-occidental.<\/p>\n<p>Salibi sost\u00e9 aix\u00f2 en el seu <strong>llibre <a href=\"https:\/\/quranite.com\/wp-content\/uploads\/2021\/05\/The-Bible-Came-From-Arabia-by-Kamal-Salibi-2016.pdf\" target=\"_blank\" rel=\"noopener\">&#8220;The Bible Came from Ar\u00e0bia&#8221;<\/a> <\/strong>(\u201cLa B\u00edblia va venir d&#8217;Ar\u00e0bia\u201d) -llibre disponible en \u00e0rab, alemany i angl\u00e8s-, sobre la base d&#8217;una minuciosa an\u00e0lisi de la topon\u00edmia (els noms dels llocs) d&#8217;aquesta zona.<\/p>\n<p><strong>El nucli de l&#8217;explicaci\u00f3 etimol\u00f2gic-hist\u00f2rica de Salibi es basa en el fet que la B\u00edblia Hebrea<\/strong>, que ja havia d&#8217;existir en la seva actual forma escrita probablement abans del segle V a.e.c., <strong>ha estat consistentment mal tradu\u00efda<\/strong>. Per qu\u00e8? Perqu\u00e8 l&#8217;hebreu antic, tamb\u00e9 anomenat hebreu b\u00edblic, va deixar de ser una llengua viva d&#8217;\u00fas com\u00fa cap al segle VI o V a.e.c.; els jueus van passar a parlar les lleng\u00fces de la zona (de fet, l&#8217;hebreu modern ho va crear Eliezer Ben-Yehuda, revolucionari de la R\u00fassia tsarista que va emigrar en 1881 al territori de la Palestina hist\u00f2rica).<\/p>\n<p>Com la B\u00edblia Hebrea nom\u00e9s estava escrita (com passa amb totes les lleng\u00fces sem\u00edticas<sup><a href=\"#footnote_1_17450\" id=\"identifier_1_17450\" class=\"footnote-link footnote-identifier-link\" title=\"El concepte sem&iacute;tico era, a l&rsquo;origen, un concepte ling&uuml;&iacute;stic referit a unes lleng&uuml;es que tenien un origen com&uacute; (hebreu, &agrave;rab, arameu, etc). En el segle XIX aquest concepte va passar a tenir una accepci&oacute; racial i a ser identificat amb la ra&ccedil;a jueva. Per aquest motiu el terme antisemita s&rsquo;apliqui avui dia al fet d&rsquo;estar en contra dels jueus, encara que, sense embuts, seria estar en contra de qualsevol semita, inclosos els &agrave;rabs.\">&nbsp;1<\/a><\/sup> inclosos l&#8217;\u00e0rab i l&#8217;arameu) amb les seves consonants, no amb les seves vocals; i la B\u00edblia Hebrea no va ser vocalitzada pels estudiosos jueus fins a la baixa Edat mitjana [es calcula que aix\u00f2 va oc\u00f3rrer entre el segle VI i el X de l&#8217;era comuna (e.c.)], els estudiosos que van vocalitzar i van interpretar aquesta B\u00edblia no parlaven ja hebreu com a llengua viva des de feia segles i van realitzar aquesta vocalitzaci\u00f3 des de la seva tradici\u00f3, per\u00f2 potser sense suficients coneixements ling\u00fc\u00edstics reals. D&#8217;aqu\u00ed el m\u00e8rit de la recerca de Salibi, a saber: intentar rellegir la B\u00edblia Hebrea, posant l&#8217;accent principalment en els milers de top\u00f2nims que cont\u00e9, sobre la base de la fonologia i la morfologia d&#8217;una de les altres dues lleng\u00fces sem\u00edticas que s\u00ed han sobreviscut de manera ininterrompuda des de l&#8217;antiguitat com a lleng\u00fces vives com \u00e9s la llengua \u00e0rab.<\/p>\n<p><strong>Tots els noms de lloc esmentats en la B\u00edblia Hebrea han perviscut fins als nostres dies concentrats en aquesta regi\u00f3<\/strong> de l&#8217;Ar\u00e0bia Saudita, com demostra Salibi en el seu llibre a trav\u00e9s de detallades explicacions etimol\u00f2giques i geogr\u00e0fiques recolzades en cat\u00e0legs de top\u00f2nims i mapes de l&#8217;Ar\u00e0bia Saudita publicats entre 1978 i 1981. Aix\u00ed, documenta la perviv\u00e8ncia, entre molts altres llocs, de: <strong>Jord\u00e1n<\/strong> (p\u00e0g. 83 del cap\u00edtol 7); la <strong>Judea<\/strong> (p\u00e1gs. 40 i 97); <strong>Jerusalem<\/strong> (p\u00e1gs. 110, 117 i 119-122 del cap\u00edtol 9); <strong>Hebron<\/strong> (p\u00e0g. 111); <strong>Si\u00f3n<\/strong> (p\u00e0g. 115); <strong>Jezrael<\/strong> (p\u00e0g. 128); o <strong>Samaria<\/strong> (p\u00e0g. 128).<\/p>\n<p>A tall d&#8217;exemple, el mapa que es reprodueix a continuaci\u00f3 es correspon amb el mapa contingut en el cap\u00edtol 15 del llibre, concretament en la seva p\u00e0gina 167, i en el qual es mostren el que van ser els territoris que s&#8217;esmenten en la B\u00edblia Hebrea en la part en qu\u00e8 es parla d&#8217;Abraham (G\u00e8nesi 15.18) i de Mois\u00e8s (N\u00fameros 34:1-12), l&#8217;anomenada \u201c<strong>Terra Promesa<\/strong>\u201d.<\/p>\n<p><img fetchpriority=\"high\" decoding=\"async\" class=\"wp-image-13287 aligncenter\" src=\"https:\/\/mongonzalez.es\/wp-content\/uploads\/2023\/11\/Imagen2-196x300.jpg\" alt=\"\" width=\"284\" height=\"435\" srcset=\"https:\/\/mongonzalez.es\/wp-content\/uploads\/2023\/11\/Imagen2-196x300.jpg 196w, https:\/\/mongonzalez.es\/wp-content\/uploads\/2023\/11\/Imagen2.jpg 403w\" sizes=\"(max-width: 284px) 100vw, 284px\" \/><\/p>\n<p>Quant a Egipte, <strong>Mois\u00e8s mai va estar al Sina\u00ed egipci<\/strong>, sin\u00f3 que la Muntanya Horeb b\u00edblic (Deuteronomi 1:1) es pot identificar, per la topon\u00edmia supervivent en la zona, amb l&#8217;actual Jabal Hadi en la zona costanera d&#8217;Asir (p\u00e0g. 35 i nota 8 en p\u00e0g. 204).<\/p>\n<p>Finalment, encara que seria molt important que es duguessin a terme <strong>expedicions arqueol\u00f2giques<\/strong> a Asir per a confirmar el que antecedeix, la perviv\u00e8ncia a Asir d&#8217;aquesta topon\u00edmia, unit a la no exist\u00e8ncia en els registres hist\u00f2rics antics d&#8217;aquesta topon\u00edmia en el territori de la Palestina hist\u00f2rica, avalen la conclusi\u00f3 de Salibi que la B\u00edblia Hebrea va transc\u00f3rrer a Asir, conclusi\u00f3 que jo comparteixo, i que enlla\u00e7a amb el punt seg\u00fcent d&#8217;aquesta cronologia.<\/p>\n<h2><span class=\"ez-toc-section\" id=\"12_emigracio_dels_jueus_cap_a_la_palestina_i%e2%80%a6_expulsio_i_diaspora\"><\/span><strong>1.2. Emigraci\u00f3 dels jueus cap a la Palestina, i&#8230; expulsi\u00f3 i di\u00e0spora?<\/strong><span class=\"ez-toc-section-end\"><\/span><\/h2>\n<p>Des de segle VIII a.e.c comen\u00e7a l&#8217;emigraci\u00f3 jueva des de la zona d&#8217;Asir a la zona de la Palestina hist\u00f2rica despr\u00e9s de la guerra civil entre Israel i la Judea, refor\u00e7ada per la invasi\u00f3 de l&#8217;assiri Sargon II en 721 a.e.c. i del babiloni Nabucodonosor en el 586 a.e.c. L&#8217;historiador grec Her\u00f2dot ja descriu Palestina en \u201cLes Hist\u00f2ries\u201d en el segle V a.e.c.<\/p>\n<p>Les conquestes d&#8217;Alejandro Magno en el 330 a.e.c. havien posat fi a l&#8217;imperi persa en la zona de la Palestina hist\u00f2rica i a la mort d&#8217;Alejandro els seus territoris van ser repartits entre els seus generals, passant a estar Palestina sota control dels sel\u00e8ucides.<\/p>\n<p>Els jueus de Palestina van iniciar una revolta contra els sel\u00e8ucides cap al 167 a.e.c. i van aconseguir la independ\u00e8ncia cap a 142 a.e.c., establint el regne dels hasmoneos.<\/p>\n<p>Amb l&#8217;arribada dels romans a la zona en el 63 a.e.c., es va establir en Palestina el regne de la Judea tributari de Roma sota Herodes el Gran (37-4 a.e.c.).<\/p>\n<p><strong>(2.A)<\/strong> Roma va destruir el temple de Jerusalem que havia aixecat Herodes i va for\u00e7ar l&#8217;expulsi\u00f3 dels jueus de la Palestina hist\u00f2rica, primer de Jerusalem i la Judea l&#8217;any 70 e.c., seguida d&#8217;altres deportacions fins a <strong>135 e.c<\/strong>., any a partir del qual i, despr\u00e9s de la rebel\u00b7li\u00f3 de Bar Kojba (coneguda tamb\u00e9 com a tercera guerra judeo-romana o tercera rebel\u00b7li\u00f3 jueva), <strong>semblaria que els jueus havien estat expulsats de la terra<\/strong>, una terra a la qual, precisament aquest any 135 e.c., l&#8217;emperador rom\u00e0 Adriano va donar el nom de Palestina. A partir de llavors, els jueus es van anar establint pel m\u00f3n, primer, fonamentalment, pel m\u00f3n \u00e0rab, el Nord d&#8217;\u00c0frica i Europa, donant origen a la di\u00e0spora jueva, \u00e9s a dir, a la dispersi\u00f3 del poble jueu i els seus descendents.<\/p>\n<p><strong>(2.B)<\/strong> Enfront d&#8217;aquest relat hist\u00f2ric, hi ha <strong>historiadors com l&#8217;israeli\u00e0 Shlomo Sand<\/strong> que sostenen en el seu llibre \u201c<a href=\"https:\/\/en.wikipedia.org\/wiki\/The_Invention_of_the_Jewish_People\" target=\"_blank\" rel=\"noopener\">The Invention of the Jewish People<\/a>\u201d (\u201cLa Invenci\u00f3 del Poble Jueu\u201d) que \u201c<strong>la di\u00e0spora jueva \u00e9s en ess\u00e8ncia una invenci\u00f3 moderna<\/strong>\u201d; i explica que els jueus van apar\u00e8ixer per la ribera mediterr\u00e0nia i pel continent europeu a trav\u00e9s de la conversi\u00f3 a la fe jueva de les poblacions locals, advocant perqu\u00e8 el judaisme era, en aquesta \u00e8poca, una religi\u00f3 convertidora (\u201cconverting religion\u201d). Sost\u00e9 que les conversions es van dur a terme, primer, pels hasmoneos sota la influ\u00e8ncia de l&#8217;hel\u00b7lenisme i van continuar fins que el cristianisme es va convertir en la religi\u00f3 dominant en el segle IV e.c.<\/p>\n<p><strong>(3.A)<\/strong> La teoria de l&#8217;expulsi\u00f3 i la di\u00e0spora sol venir acompanyada d&#8217;un tercer element: la puresa de la ra\u00e7a jueva i la seva <strong>superioritat<\/strong> enfront de la resta de races per ser l&#8217;\u00fanica ra\u00e7a triada per Yaveh (D\u00e9u).<\/p>\n<p><strong>(3.B)<\/strong> Sand sost\u00e9 que el m\u00e9s probable \u00e9s que els ancestres de la majoria dels jueus contemporanis provinguin probablement de fora de la Terra d&#8217;Israel; que mai va existir una \u201cra\u00e7a-naci\u00f3\u201d jueva amb un origen com\u00fa; i que, similar a com la majoria dels primers cristians i els primers musulmans van ser conversos des d&#8217;altres credos, els jueus tamb\u00e9 descendeixen de conversos.<\/p>\n<p>En conclusi\u00f3, es don\u00e9s o no l&#8217;expulsi\u00f3 total dels jueus del territori de la Palestina hist\u00f2rica en el segle II; es gener\u00e9s o no aquesta di\u00e0spora des de Palestina; i siguin o no els jueus una \u201cra\u00e7a-naci\u00f3\u201d, la qual cosa s\u00ed que \u00e9s important tenir clar \u00e9s que fets esdevinguts fa milers d&#8217;anys no poden ser usats per a justificar actes en el segle XX o XXI i que, <strong>en el segle XXI, cap ra\u00e7a \u00e9s superior a una altra<\/strong>, totes s\u00f3n iguals.<\/p>\n<p>Despr\u00e9s de la divisi\u00f3 de l&#8217;imperi rom\u00e0, el territori de la <strong>Palestina hist\u00f2rica<\/strong>, va estar des del <strong>segle II al segle XVIII<\/strong>, primer, sota la dominaci\u00f3 de l&#8217;imperi rom\u00e0 d&#8217;Orient; despr\u00e9s sota control successivament de: \u00e0rabs (636-1099), que van portar amb ells l&#8217;Islam; croats cristians (1099-1187); ayub\u00edes (1187-1250); mamelucos (1250-1516); i imperi otom\u00e0 (1516-1916).<\/p>\n<p>Per part seva, els jueus s\u00ed que van ser objecte d&#8217;ulteriors expulsions d&#8217;Europa. Aix\u00ed, el que s\u00ed que \u00e9s cert \u00e9s que els jueus: (1) van ser expulsats de la pen\u00ednsula ib\u00e8rica entre 1492 i 1498<sup><a href=\"#footnote_2_17450\" id=\"identifier_2_17450\" class=\"footnote-link footnote-identifier-link\" title=\"Els jueus van ser expulsats de la pen&iacute;nsula ib&egrave;rica (zona que en hebreu es deia &ldquo;Sefarad&rdquo;) en, consecutivament, 1492 de Castella i Arag&oacute;, 1496 de Portugal i 1498 de Navarra.&nbsp; Aquests jueus expulsats de la pen&iacute;nsula ib&egrave;rica van rebre posteriorment el nom de sefardites; continuen parlant lad&iacute; (una variant del castell&agrave; antic); i en 2015 les Corts Generals espanyoles van aprovar una llei per la qual es reconeixia com a espanyols als descendents directes dels jueus sefardites expulsats entre 1492 i 1498. Els jueus que no van ser expulsats, van ser for&ccedil;ats a convertir al cristianisme.\nNo obstant aix&ograve;, no van ser els jueus els &uacute;nics, tamb&eacute; els musulmans van ser expulsats de la pen&iacute;nsula ib&egrave;rica cristiana. Aix&iacute;, en 1502 es va ordenar l&rsquo;expulsi&oacute; de Castella de tots els musulmans adults i en 1527 es va for&ccedil;ar la conversi&oacute; de tots els musulmans d&rsquo;Arag&oacute; (moment des del qual l&rsquo;Islam deixa d&rsquo;existir oficialment en la nounada Espanya), per&ograve;, com no era suficient per a erradicar l&rsquo;Islam, en 1609 el llavors rei d&rsquo;Espanya i Portugal, Felip III, va expulsar a 300.000 moriscos (musulmans batejats per for&ccedil;a al catolicisme, per&ograve; que continuaven practicant l&rsquo;Islam). Encara no hi ha hagut cap llei ni a Espanya ni a Portugal que reconegui com a espanyols i\/o portuguesos als descendents directes dels musulmans i\/o dels moriscos expulsats entre 1502 i 1609. Pot ser degut aix&ograve; a una menor capacitat de pressi&oacute; del lobi muslm&aacute;n enfront del lobi jueu, entenent per lobi (de l&rsquo;angl&egrave;s lobby) &ldquo;grup o organitzaci&oacute; dedicats a influir en els pol&iacute;tics o els poders p&uacute;blics en favor de determinats interessos&rdquo;? Pot ser&hellip;\">&nbsp;2<\/a><\/sup>, creant la <strong>branca jueva sefardita<\/strong> que va emigrar en el segle XV des de la pen\u00ednsula ib\u00e8rica cap a Fran\u00e7a, Regne Unit, el Nord d&#8217;\u00c0frica, Orient Mitj\u00e0 i els Balcans; i que (2) a Europa central estava la <strong>branca jueva ashkenaz\u00ed<\/strong> que tamb\u00e9 va sofrir expulsions. At\u00e8s que aquestes subseg\u00fcents expulsions s\u00f3n m\u00e9s pr\u00f2ximes en el temps ja hi ha sobre elles fonts fidedignes d&#8217;informaci\u00f3, per\u00f2 no estan ja directament vinculades amb la Palestina hist\u00f2rica.<\/p>\n<h1><span class=\"ez-toc-section\" id=\"2_des_del_naixement_del_sionisme_fins_a_la_creacio_de_lestat_disrael\"><\/span><strong>2. Des del naixement del sionisme fins a la creaci\u00f3 de l&#8217;Estat d&#8217;Israel<\/strong><span class=\"ez-toc-section-end\"><\/span><\/h1>\n<h2><span class=\"ez-toc-section\" id=\"21_naixement_i_expansio_en_el_segle_xix_del_sionisme_i_els_seus_aliyot_cap_a_la_palestina_historica\"><\/span>2.1. Naixement i expansi\u00f3 en el segle XIX del sionisme i els seus aliyot cap a la Palestina hist\u00f2rica<span class=\"ez-toc-section-end\"><\/span><\/h2>\n<p>En el segle XIX es van iniciar <strong>dos processos<\/strong>:<\/p>\n<p><strong>1.<\/strong> Enunciaci\u00f3 del <a href=\"https:\/\/ca.wikipedia.org\/wiki\/Sionisme\" target=\"_blank\" rel=\"noopener\"><strong>sionisme pol\u00edtic<\/strong> <\/a>per diversos rabins en el segle XIX i culminat per <a href=\"https:\/\/ca.wikipedia.org\/wiki\/Theodor_Herzl\" target=\"_blank\" rel=\"noopener\">Teodor Herzel<\/a> qui va publicar en 1896 el seu llibre \u201cL&#8217;Estat Jueu\u201d i va organitzar i va presidir en 1897 a Basilea (Su\u00efssa) el Primer Congr\u00e9s Sionista que va crear l&#8217;Organitzaci\u00f3 Sionista (US). El \u201cPrograma de Basilea\u201d recollia que: \u201cEl sionisme t\u00e9 per objecte establir per al poble jueu una llar segura p\u00fablica i jur\u00eddicament en Palestina\u201d i considerava per a aix\u00f2 quatre \u201cmitjans pr\u00e0ctics:<\/p>\n<ol>\n<li>La promoci\u00f3 d&#8217;assentaments jueus d&#8217;agricultors, artesans, comerciants en Palestina.<\/li>\n<li>La federaci\u00f3 de tots els jueus en grups locals o generals, d&#8217;acord amb les lleis dels diferents pa\u00efsos.<\/li>\n<li>L&#8217;enfortiment del sentiment i la consci\u00e8ncia jueva.<\/li>\n<li>Mesures preparat\u00f2ries per a assoliment de subsidis governamentals necessaris per a realitzaci\u00f3 d&#8217;objectius sionistes.\u201d<\/li>\n<\/ol>\n<p>A aquest Congr\u00e9s es van oposar dos de les tres branques del judaisme asquenazita, la reformista i l&#8217;ortodoxa. Successius Congressos Sionistes van anar creant l&#8217;entramat de suport per a finan\u00e7ar la compra de terres en Palestina. Aquest sionisme es contraposava a la idea prevalent fins a aquesta data que era la del asimilacionisme, \u00e9s a dir, que els jueus del m\u00f3n havien de integrar i aconseguir viure en pau als pa\u00efsos d&#8217;acolliment.<\/p>\n<p><strong>2.<\/strong> En paral\u00b7lel, <strong>es van iniciar en 1881 les migracions de jueus cap al territori de la Palestina hist\u00f2rica<\/strong>, conegudes com ali\u00e1 o el seu plural aliyot: La poblaci\u00f3 jueva en la Palestina hist\u00f2rica va anar creixent al ritme que s&#8217;indica en la seg\u00fcent taula:<strong>\u00a0<\/strong><\/p>\n<table width=\"99%\">\n<tbody>\n<tr>\n<td width=\"15%\"><strong>ANY<\/strong><\/td>\n<td width=\"15%\"><strong>JUEUS<\/strong><\/td>\n<td width=\"15%\"><strong>% JUEUS<\/strong><\/p>\n<p><strong>S\/ TOTAL<\/strong><\/td>\n<td width=\"20%\"><strong>\u00c0RABS PALESTINS<\/strong><\/td>\n<td width=\"16%\"><strong>% PALESTINS S\/ TOTAL<\/strong><\/td>\n<td width=\"15%\"><strong>TOTAL<\/strong><\/td>\n<\/tr>\n<tr>\n<td width=\"15%\"><strong>(1) 1881<\/strong><\/td>\n<td width=\"15%\">9 817<\/td>\n<td width=\"15%\">2,3%<\/td>\n<td width=\"20%\">413 729<\/td>\n<td width=\"16%\">97,12%<\/td>\n<td width=\"15%\">425 966<\/td>\n<\/tr>\n<tr>\n<td width=\"15%\"><strong>(2) 1922<\/strong><\/td>\n<td width=\"15%\">83 694<\/td>\n<td width=\"15%\">11%<\/td>\n<td width=\"20%\">657 560<\/td>\n<td width=\"16%\">86,84%<\/td>\n<td width=\"15%\">757 182<\/td>\n<\/tr>\n<tr>\n<td width=\"15%\"><strong>(3) 1945<\/strong><\/td>\n<td width=\"15%\">554 000<\/td>\n<td width=\"15%\">31,4%<\/td>\n<td width=\"20%\">1 179 000<\/td>\n<td width=\"16%\">66,8%<\/td>\n<td width=\"15%\">1 765 000<\/td>\n<\/tr>\n<\/tbody>\n<\/table>\n<p style=\"text-align: center;\">Font: Elaboraci\u00f3 pr\u00f2pia amb dades dels tres censos<sup><a href=\"#footnote_3_17450\" id=\"identifier_3_17450\" class=\"footnote-link footnote-identifier-link\" title=\"Fonts:\n(1) El cens otom&agrave; de 1881-1882 recollia, en els tres districtes que en aquest moment configuraven la Palestina hist&ograve;rica (Akka, Belka i Kudus), una poblaci&oacute; total de 425 966 habitants, dels quals &agrave;rabs palestins serien 413 729 (371 969 musulmans i 41 760 cristians) i 9 817 jueus segons la informaci&oacute; disponible en el llibre de Kemal Kerpat &ldquo;Ottoman population 1830-1914 demographic and social caracteristics&rdquo;, University of Wisconsin Press, 1985 . He elaborat una taula amb les correspond&egrave;ncies entre aquests tres districtes otomans i els actuals Palestina i Israel: Maps que complementin el cens otom&aacute; 1881. Aix&iacute; mateix, he extret del llibre de Kerpat totes les dades relatives a la poblaci&oacute; en la Palestina hist&ograve;rica en 1881 distribu&iuml;da per religions i el pots descarregar aqu&iacute;: Cens general otom&aacute; 1881.\n(2) Per al cens brit&agrave;nic de 1922, veure:&nbsp; https:\/\/ia804709.us.archive.org\/3\/items\/palestinecensus1922\/palestine%20Census%20(1922).pdf. En concret en Taules fonamentals, la I i la XXI (p&aacute;gs. 8 i 59) del propi Cens les pots consultar aqu&iacute;, encara que aquest original nom&eacute;s est&agrave; disponible en angl&egrave;s: 1922 Palestine British Census pags 1-8 &amp; 59.\n(3) Les &ldquo;estad&iacute;stiques dels pobles&rdquo; brit&agrave;niques de 1945 [descargables en: https:\/\/users.cecs.anu.edu.au\/~bdm\/yabber\/census\/VillageStatistics1945orig.pdf] recullen, en la seva primera p&agrave;gina, les dades de poblaci&oacute; (per a facilitar la seva lectura pots punxar aquest arxiu simplificat que nom&eacute;s est&agrave; disponible en angl&egrave;s:1945 Village Statistics original-1-3; i en en aquestes estad&iacute;stiques els brit&agrave;nics tamb&eacute; constaten que en 1945 la poblaci&oacute; jueva nom&eacute;s era propiet&agrave;ria del 6% de la terra palestina.\nEn qualsevol cas, com els par&agrave;metres no s&oacute;n exactament els mateixos en els tres documents la comparaci&oacute; ha de #fer amb cautela, per exemple en: (1) es parla de jueus, musulmans, cristians, llatins, protestants, etc, &eacute;s a dir, religions; en (2) es parla de les diferents religions en la Taula I i de les lleng&uuml;es, sent la majorit&agrave;ria l&rsquo;&agrave;rab, en la Taula XXI; i en (3) de jueus i &agrave;rabs, &eacute;s a dir, barreja religi&oacute; amb ra&ccedil;a.\">&nbsp;3<\/a><\/sup>.<\/p>\n<p>Encara que el cens otom\u00e0 de 1881 dividia la Palestina hist\u00f2rica en tres regions, a Europa la zona continuava sent coneguda com a Palestina. Aix\u00ed, a tall d&#8217;exemple, Regne Unit va crear en 1865 el \u201c<a href=\"https:\/\/www.jewishvirtuallibrary.org\/palestine-exploration-fund-pef\" target=\"_blank\" rel=\"noopener\">Palestine Exploration Fund<\/a>\u201d.<\/p>\n<p>Un dels lemes fundacionals que va elaborar el sionisme va ser el de \u201cuna terra sense poble per a un poble sense terra\u201d, contradit de manera categ\u00f2rica en 1891 pel jueu Ahad Ha\u2019am<sup><a href=\"#footnote_4_17450\" id=\"identifier_4_17450\" class=\"footnote-link footnote-identifier-link\" title=\"El jueu Arthur Ginsberg, que el seu pseud&ograve;nim era Ahad Ha&rsquo;am, va escriure en 1891, despr&eacute;s de la seva primera visita a la Palestina hist&ograve;rica: &ldquo;Tenim el costum de creure&hellip; que all&iacute; la terra &eacute;s ara completament des&egrave;rtica, &agrave;rida i incultivada&hellip; per&ograve; la veritat &eacute;s molt altra. En tot el pa&iacute;s &eacute;s dif&iacute;cil trobar camps cultivables que no estiguin ja conreats.&rdquo; https:\/\/www.jewishvirtuallibrary.org\/ahad-ha-rsquo-am\">&nbsp;4<\/a><\/sup>.<\/p>\n<h2><span class=\"ez-toc-section\" id=\"22_ocupacio_del_territori_la_palestina_historica_per_regne_unit_i_mandat_britanic_des_de_1922\"><\/span><strong>2.2. Ocupaci\u00f3 del territori la Palestina hist\u00f2rica per Regne Unit i Mandat brit\u00e0nic des de 1922<\/strong><span class=\"ez-toc-section-end\"><\/span><\/h2>\n<p>Durant la Primera Guerra Mundial (IGM, 1914-1918), concretament al maig de 1916, Fran\u00e7a i <strong>Regne Unit<\/strong> (RU) havien concl\u00f2s l&#8217;Acord Secret de Sykes-Picot pel qual tots dos pa\u00efsos es repartien Orient Mitj\u00e0 i, en aplicaci\u00f3 del qual, RU va ocupar la regi\u00f3 de Palestina a partir de principis de 1917.<\/p>\n<p>En paral\u00b7lel, els brit\u00e0nics havien arribat en 1915 a acords secrets amb Husayn ibn Ali, jerife de la Meca, i amb Ibn Saud (Acord de Darin) perqu\u00e8 llancessin una <strong>revolta \u00e0rab<\/strong> contra l&#8217;imperi otom\u00e0, que va comen\u00e7ar el 5 de juny de 1916 i que va acabar servint als interessos brit\u00e0nics.<\/p>\n<p>Una tercera via d&#8217;acci\u00f3 de RU va ser <strong>negociar amb els sionistes<\/strong>. El llavors ministre d&#8217;Exteriors brit\u00e0nic Balfour va signar el 2 de novembre de 1917 una breu carta dirigida al bar\u00f3 Lionel Walter Rothschild, l\u00edder de la comunitat jueva sionista del RU, per a la seva transmissi\u00f3 a la Federaci\u00f3 Sionista de Gran Bretanya i Irlanda, text que va portar diversos mesos de negociacions entre brit\u00e0nics i sionistes, i que \u00e9s coneguda com la <a href=\"https:\/\/ca.wikipedia.org\/wiki\/Declaraci%C3%B3_Balfour_de_1917\" target=\"_blank\" rel=\"noopener\"><strong>Declaraci\u00f3 Balfour<\/strong><\/a>. Aquest breu text, que va ser publicat en la premsa brit\u00e0nica aquell 9 de novembre, cont\u00e9 tres par\u00e0grafs: (1) un inicial de salutaci\u00f3; (2) un central en qu\u00e8 RU afavoreix la creaci\u00f3 d&#8217;una \u201cllar nacional jueva\u201d en el territori de la Palestina hist\u00f2rica; i (3) un tercer de comiat.<\/p>\n<p>Els sionistes, al seu torn, van negociar amb part dels \u00e0rabs (Acord Faisal-Weizmann de 1919) que reconeixerien un Estat jueu en Palestina.<\/p>\n<p>La Societat de Nacions (SDN) [l&#8217;organitzaci\u00f3 internacional predecessora de l&#8217;Organitzaci\u00f3 de Nacions Unides (ONU) que va existir entre els anys 1919 i 1946], va recon\u00e8ixer formalment el <a href=\"https:\/\/ca.wikipedia.org\/wiki\/Mandat_brit%C3%A0nic_de_Palestina\" target=\"_blank\" rel=\"noopener\"><strong>Mandat brit\u00e0nic de Palestina<\/strong><\/a> el 24 de juliol de <strong>1922<\/strong>. Gr\u00e0cies al mandat brit\u00e0nic, la comunitat jueva de Palestina -el Yichouv- es va convertir en un quasi-Estat. Tal com preveia l&#8217;article 4 del Mandat, RU va recon\u00e8ixer en 1922 a l&#8217;Organitzaci\u00f3 Sionista com el seu interlocutor oficial en totes les q\u00fcestions econ\u00f2miques, socials i de tota \u00edndole que poguessin afectar l&#8217;establiment de la llar nacional jueva, paper que en 1929 va assumir l&#8217;Ag\u00e8ncia Jueva.<\/p>\n<p>El 23 d&#8217;octubre de 1922, els brit\u00e0nics van publicar un<a href=\"https:\/\/ca.wikipedia.org\/wiki\/Cens_de_Palestina_de_1922\" target=\"_blank\" rel=\"noopener\"><strong> Cens de Palestina<\/strong><\/a>. Dels 757 182 habitants d&#8217;aquesta regi\u00f3 multi\u00e8tnica, segons la seva Taula I, la gran majoria eren musulmans (590 890, el 78,03% del total), seguits per jueus (83 694, l&#8217;11%), cristians (73 024, el 9,64%) i altres minories (9 574, el 1,33%, dels quals 7 028 eren drusos i la resta eren samaritans, bahais, metawilehs -ch\u00edies-, hind\u00fas i shijs). La Taula XXI del Cens mostra l&#8217;<strong>\u00e0rab<\/strong> com a <strong>llengua materna<\/strong> de 657 560 persones (<strong>un 86,84%<\/strong>), hebreu de 80 396, angl\u00e8s de 3 098, armeni de 2 970, indi de 2 061, yidish de 1 946, alemany de 1 871, grec de 1 315, rus de 877 o espanyol de 357.<\/p>\n<p>La poblaci\u00f3 majorit\u00e0riament \u00e0rab de la Palestina hist\u00f2rica, que durant setanta anys -des de 1850 fins a 1920- havia acollit sense viol\u00e8ncia als jueus, es va oposar des de principis dels anys 20 a aquesta <strong>creixent immigraci\u00f3<\/strong> que implicava l&#8217;ocupaci\u00f3 de les seves terres pels jueus i el seu sotmetiment a ells (perqu\u00e8 els brit\u00e0nics van concedir als jueus les principals licitacions de les obres p\u00fabliques del Mandat comen\u00e7ant per l&#8217;electrificaci\u00f3), la qual cosa va provocar successives revoltes de la poblaci\u00f3 \u00e0rab local cada vegada m\u00e9s violentes, que van provocar entre 1922 i 1936 198 morts jueus i 193 morts \u00e0rabs<sup><a href=\"#footnote_5_17450\" id=\"identifier_5_17450\" class=\"footnote-link footnote-identifier-link\" title=\"Resulta molt complicat obtenir dades agregades fidedignes de les morts &agrave;rabs i jueus durant el Mandat brit&agrave;nic. Veure la p&agrave;gina 26 del llibre de Dominique Vidal,&nbsp;&laquo;&nbsp;Antisionisme=Antis&eacute;mitisme? R&eacute;ponse &agrave; Emmanuel Macron&nbsp;&raquo;, Libertalia, 2018 i la p&agrave;gina de Wikipedia que contenen llistats parcials.\">&nbsp;5<\/a><\/sup> (sent la m\u00e9s violenta la Massacre d&#8217;Hebron de 1929 en qu\u00e8 van morir 67 jueus). Aix\u00ed i tot, en aquests anys la Ayan (la intel\u00b7lectualitat d&#8217;\u00e0rabs notables) va exercir la mediaci\u00f3 en incomptables ocasions, #salvar moltes vides.<\/p>\n<p>Despr\u00e9s de cada revolta, els brit\u00e0nics duien a terme comissions de recerca i elaboraven llibres blancs. En el Llibre blanc de <strong>1922<\/strong>, el llavors ministre de Col\u00f2nies, Winston <strong>Churchill<\/strong><sup><a href=\"#footnote_6_17450\" id=\"identifier_6_17450\" class=\"footnote-link footnote-identifier-link\" title=\"https:\/\/www.un.org\/unispal\/document\/auto-insert-196917\/ Dins d&rsquo;aquest enlla&ccedil; cal anar al document n&ordm;5 i concretament al seu annex (enclosure in n&ordm;5), al seu segon par&agrave;graf, sisena frase.\">&nbsp;6<\/a><\/sup>, va explicitar que les disposicions del Mandat <strong><span style=\"color: #0000ff;\">no<\/span> significaven<\/strong>, com estimaven els representants sionistes, <strong>que \u201c<span style=\"color: #0000ff;\">Palestina sencera<\/span><\/strong> hauria de ser convertida en una llar nacional jueva, sin\u00f3 que una llar com aquest havia de ser fundat en Palestina\u201d.<\/p>\n<p>RU va obrir la porta a la legalitzaci\u00f3 de les <strong>onades migrat\u00f2ries jueves<\/strong> a aquest territori i el creixement de la poblaci\u00f3 jueva en el territori de la Palestina hist\u00f2rica va ser, a partir d&#8217;aqu\u00ed i a trav\u00e9s de successives onades migrat\u00f2ries, exponencial i imparable. \u201cEntre 1917 i 1948, la part de jueus en la poblaci\u00f3 passa del 12% al 34%&#8230; De 1932 a 1939, van arribar 247.000 persones, 30.000 per any, quatre vegades m\u00e9s que despr\u00e9s del final de la IGM, \u2026i es van beneficiar de l&#8217;acord anomenat Haavara aconseguit per l&#8217;Organitzaci\u00f3 Sionista amb Berl\u00edn en 1933\u201d.<\/p>\n<p>Els l\u00edders palestins van presentar un <strong>Memor\u00e0ndum<\/strong> al novembre de 1935 sol\u00b7licitant \u201cla immediata suspensi\u00f3 de la immigraci\u00f3, la prohibici\u00f3 de la venda de terres als estrangers i un govern democr\u00e0tic amb un parlament de representaci\u00f3 proporcional\u201d. Davant la negativa jueva (per a evitar quedar en minoria) i la inacci\u00f3 brit\u00e0nica, a l&#8217;abril de 1936 es va iniciar una <a href=\"https:\/\/ca.wikipedia.org\/wiki\/Gran_Revolta_%C3%A0rab_de_1936-1939_al_mandat_de_Palestina\" target=\"_blank\" rel=\"noopener\"><strong>vaga general \u00e0rab<\/strong> <\/a>en Palestina que inclo\u00efa boicot als productes jueus. Es va crear l&#8217;Alt Comit\u00e8 \u00c0rab i es van organitzar manifestacions que van anar tornant-se cada vegada m\u00e9s violentes.<\/p>\n<p>Despr\u00e9s d&#8217;aquests enfrontaments, la <a href=\"https:\/\/es.wikipedia.org\/wiki\/Comisi%C3%B3n_Peel\" target=\"_blank\" rel=\"noopener\"><strong>Comissi\u00f3 Peel<\/strong><\/a> va fer p\u00fablic el 7 de juliol de <strong>1937<\/strong> el <strong>primer Pla de Partici\u00f3<\/strong> de Palestina. RU va obtenir un no a aquest Pla tant del partit jueu dominant en aquest moment (el partit Mapai sionista-socialista, partit que va controlar l&#8217;escena pol\u00edtica fins a 1968) com dels palestins.<\/p>\n<p>Les autoritats brit\u00e0niques van prohibir l&#8217;Alt Comit\u00e8 \u00c0rab al setembre de 1937 i, a partir d&#8217;aquesta tardor, es van reavivar les protestes palestines que van durar fins a 1939. RU va mobilitzar 50.000 soldats per a aixafar l&#8217;aixecament \u00e0rab amb l&#8217;ajuda de 20.000 policies jueus i de 15.000 membres de la Hagana (for\u00e7a defensiva del Yishuv), als quals es van afegir diversos milers de militants del Irgun (l&#8217;extrema dreta sionista). La revolta \u00e0rab de 1936-39 es va saldar amb 5000 morts palestins, 500 jueus i 262 brit\u00e0nics.<\/p>\n<p>En aquest context, RU va elaborar un nou Llibre blanc, el <strong><a href=\"https:\/\/es.wikipedia.org\/wiki\/Libro_Blanco_de_1939\" target=\"_blank\" rel=\"noopener\">Llibre blanc de MacDonald<\/a><\/strong> de 17 de maig de <strong>1939<\/strong>, que rebutjava la idea de dividir el Mandat en dos estats i advocava per una sola Palestina independent governada en com\u00fa per \u00e0rabs i jueus, amb els primers mantenint la seva majoria demogr\u00e0fica. En aplicaci\u00f3 d&#8217;aquest pla, RU va prohibir l&#8217;establiment de l&#8217;Estat jueu i va marcar el l\u00edmit de migracions jueves cap a Palestina en 75.000 en els seg\u00fcents 5 anys. El moviment sionista va rebutjar frontalment el Pla<sup><a href=\"#footnote_7_17450\" id=\"identifier_7_17450\" class=\"footnote-link footnote-identifier-link\" title=\"En la web del Museu de l&rsquo;Holocaust d&rsquo;Israel s&rsquo;afirma que, despr&eacute;s del Llibre blanc de 1939, &ldquo;els sionistes es van veure confrontats amb una situaci&oacute; que exigia noves decisions&hellip; els sionistes van haver de recon&egrave;ixer que l&rsquo;alternativa cap a un estat en Palestina -l&rsquo;opci&oacute; activa, fins i tot violenta- els havia estat imposada&hellip; Ara, despr&eacute;s de maig de 1939, la &ldquo;opci&oacute; revolucion&agrave;ria&rdquo; esmentada per Chaim Arlosoroff en 1932 estava a m&agrave;&hellip;Durant el 21a Congr&eacute;s Sionista (Ginebra, agost 1939)&hellip;David Ben-Gurion, President de l&rsquo;Ag&egrave;ncia Jueva va proclamar: &ldquo;El &ldquo;Llibre blanc&rdquo; ha creat un buit en el Mandat. Per a nosaltres, el &ldquo;Llibre blanc&rdquo; no existeix sota cap forma, sota cap condici&oacute; i sota cap interpretaci&oacute;&hellip; i dep&egrave;n de nosaltres omplir aquest buit, nosaltres sols&hellip; Nosaltres sols haurem d&rsquo;actuar com si f&oacute;ssim l&rsquo;Estat en Palestina; i haurem d&rsquo;actuar aix&iacute; fins que ho siguem i de manera que arribem a ser l&rsquo;Estat en Palestina&rdquo;. https:\/\/www.yadvashem.org\/articles\/academic\/holocaust-factor-birth.html\">&nbsp;7<\/a><\/sup> i els palestins tampoc el van acceptar.<\/p>\n<p>El moviment sionista reunit en la Confer\u00e8ncia de Biltmore a Nova York en 1942 va negar la validesa legal o moral d&#8217;aquest Pla i, anant m\u00e9s enll\u00e0 de la idea difusa de \u201cllar nacional\u201d, va advocar per la creaci\u00f3 d&#8217;un Estat jueu (Jewish Commonwealth) en Palestina. El sionisme va passar a ser controlat per la seva ala m\u00e9s radical.<\/p>\n<p>A partir de <strong>1944<\/strong> es va intensificar la <a href=\"https:\/\/en.wikipedia.org\/wiki\/Jewish_insurgency_in_Mandatory_Palestine\" target=\"_blank\" rel=\"noopener\">insurrecci\u00f3 sionista<\/a> contra els brit\u00e0nics, amb actes terroristes com la comesa pel grup paramilitar sionista Lehi que al novembre va assassinar al brit\u00e0nic Walter Guinness. Intentat dominar la situaci\u00f3, els brit\u00e0nics van dur a terme el 29 de juny de 1946 l&#8217;Operaci\u00f3 Agatha que va incloure l&#8217;arrest a bona part de la c\u00fapula jueva del Yishuv, va ser l&#8217;anomenat \u201cdissabte negre\u201d. En reacci\u00f3, el Irgun va dur a terme <strong>l&#8217;atemptat<\/strong> del 22 de juliol de <strong>1946<\/strong> contra<strong><a href=\"https:\/\/es.wikipedia.org\/wiki\/Atentado_al_Hotel_Rey_David\" target=\"_blank\" rel=\"noopener\"> l&#8217;Hotel Rei David<\/a><\/strong> a Jerusalem que va causar 91 morts, 28 d&#8217;ells brit\u00e0nics. L&#8217;opini\u00f3 p\u00fablica brit\u00e0nica, que en dos anys havia perdut 150 militars en Palestina, va pressionar, la qual cosa va accelerar la sortida de RU de Palestina.<\/p>\n<p>Durant la Segona Guerra Mundial (IIGM), l&#8217;Alemanya nazi i els seus aliats van matar de manera institucionalitzada (el que es coneix amb el terme <strong>Holocaust<\/strong> o, en hebreu, Shoa) entre 11 i <a href=\"https:\/\/es.wikipedia.org\/wiki\/V%C3%ADctimas_del_Holocausto\" target=\"_blank\" rel=\"noopener\">17 milions<\/a> de persones:<\/p>\n<ul>\n<li>Entre cinc i sis milions van ser jueves i jueus, encara que la xifra concreta \u00e9s dif\u00edcil de saber amb total exactitud, aquesta \u00e9s l&#8217;estimaci\u00f3 m\u00e9s acceptada a nivell internacional.<\/li>\n<li>Uns 220 000 gitanes i gitanos a Europa, de l&#8217;aproximadament mili\u00f3 de gitanos que vivien a Europa en aquest moment.<\/li>\n<li>La resta de persones assassinades pertanyien a diferents col\u00b7lectius: milions de polonesos comunistes; altres sectors de l&#8217;esquerra pol\u00edtica; presoners de guerra sovi\u00e8tics; homosexuals; i discapacitats f\u00edsics i mentals.<\/li>\n<\/ul>\n<p>L&#8217;Holocaust va tenir un gran <strong>impacte en la consci\u00e8ncia col\u00b7lectiva d&#8217;Occident<\/strong>, i va influir de manera decisiva en l&#8217;acceptaci\u00f3 internacional de la causa sionista i l&#8217;acceptaci\u00f3 de la colonitzaci\u00f3 pels jueus de la Palestina hist\u00f2rica, malgrat que va ser l&#8217;Alemanya nazi qui va perpetrar l&#8217;Holocaust i no la poblaci\u00f3 \u00e0rab palestina de Palestina.<\/p>\n<h2><span class=\"ez-toc-section\" id=\"23_resolucio_agnu_181\"><\/span><strong>2.3. Resoluci\u00f3 AGNU 181<\/strong><span class=\"ez-toc-section-end\"><\/span><\/h2>\n<p>L&#8217;Assemblea General de Nacions Unides (AGNU) va aprovar el 29 de novembre de 1947 la <a href=\"https:\/\/undocs.org\/A\/RES\/181(II)\" target=\"_blank\" rel=\"noopener\"><strong>resoluci\u00f3 181 (II)<\/strong><\/a> amb 33 vots a favor; 13 en contra; i 10 abstencions. Aquesta resoluci\u00f3 anomenada \u201cFutur Govern de Palestina\u201d contenia <strong>un Pla de Partici\u00f3 de Palestina<\/strong> amb Uni\u00f3 Econ\u00f2mica <strong>en dos estats sobirans i independents<\/strong>: un Estat \u00e0rab i un\u00a0 Estat jueu; i la ciutat de Jerusalem que quedaria sota administraci\u00f3 de Nacions Unides. Malgrat que la poblaci\u00f3 \u00e0rab era en aquest moment m\u00e9s del doble que la mongeta, el pla assignava el 52% del territori al poble israeli\u00e0, mentre que el poble palest\u00ed assumia el 46% restant, afegint a m\u00e9s la dificultat de no gaudir de continu\u00eftat en el seu territori. Aix\u00f2 va portar als palestins a rebutjar el Pla.<\/p>\n<p>La resoluci\u00f3 anava acompanyada de <strong>l&#8217;Annex A<\/strong>\u00a0que inclo\u00efa el mapa de partici\u00f3 de Palestina que es reprodueix a continuaci\u00f3 tant en la seva versi\u00f3 original com en una versi\u00f3 moderna a color d&#8217;aquesta mateixa partici\u00f3; i d&#8217;un <strong>Annex B<\/strong> amb el mapa de les fronteres de Jerusalem, que tamb\u00e9 es reprodueix a continuaci\u00f3.<\/p>\n<p><img decoding=\"async\" class=\"alignnone wp-image-15700\" src=\"https:\/\/mongonzalez.es\/wp-content\/uploads\/2024\/05\/3_Mapa-de-Palestina-de-la-pagina-21-de-la-Resolucion-181-II-de-1947-145x300.jpg\" alt=\"\" width=\"209\" height=\"432\" srcset=\"https:\/\/mongonzalez.es\/wp-content\/uploads\/2024\/05\/3_Mapa-de-Palestina-de-la-pagina-21-de-la-Resolucion-181-II-de-1947-145x300.jpg 145w, https:\/\/mongonzalez.es\/wp-content\/uploads\/2024\/05\/3_Mapa-de-Palestina-de-la-pagina-21-de-la-Resolucion-181-II-de-1947-494x1024.jpg 494w\" sizes=\"(max-width: 209px) 100vw, 209px\" \/>\u00a0 \u00a0\u00a0<img decoding=\"async\" class=\"alignnone wp-image-13332\" style=\"font-weight: inherit;\" src=\"https:\/\/mongonzalez.es\/wp-content\/uploads\/2023\/11\/imagen3-164x300.png\" alt=\"\" width=\"224\" height=\"409\" srcset=\"https:\/\/mongonzalez.es\/wp-content\/uploads\/2023\/11\/imagen3-164x300.png 164w, https:\/\/mongonzalez.es\/wp-content\/uploads\/2023\/11\/imagen3.png 273w\" sizes=\"(max-width: 224px) 100vw, 224px\" \/><span style=\"font-size: 16px;\">\u00a0 \u00a0<\/span><img loading=\"lazy\" decoding=\"async\" class=\"alignnone wp-image-15887\" style=\"font-style: inherit; font-weight: inherit;\" src=\"https:\/\/mongonzalez.es\/wp-content\/uploads\/2024\/05\/1947-Resolucion-UNGA-181-II-mapa-de-Jerusalen-278x300.jpg\" alt=\"\" width=\"336\" height=\"363\" srcset=\"https:\/\/mongonzalez.es\/wp-content\/uploads\/2024\/05\/1947-Resolucion-UNGA-181-II-mapa-de-Jerusalen-278x300.jpg 278w, https:\/\/mongonzalez.es\/wp-content\/uploads\/2024\/05\/1947-Resolucion-UNGA-181-II-mapa-de-Jerusalen-768x828.jpg 768w, https:\/\/mongonzalez.es\/wp-content\/uploads\/2024\/05\/1947-Resolucion-UNGA-181-II-mapa-de-Jerusalen.jpg 800w\" sizes=\"(max-width: 336px) 100vw, 336px\" \/><\/p>\n<p>Dotze dies abans de l&#8217;aprovaci\u00f3 de la Resoluci\u00f3 181, que la seva principal negociadora mongeta amb els brit\u00e0nics havia estat Golda Meir, aquesta havia arribat a un acord amb el rei Abdallah de Jord\u00e0nia per a repartir Palestina, perqu\u00e8 tots dos estaven en contra d&#8217;un Estat palest\u00ed a les fronteres que marcava la Resoluci\u00f3 181.<\/p>\n<h2><span class=\"ez-toc-section\" id=\"24_declaracio_unilateral_disrael\"><\/span><strong>2.4. Declaraci\u00f3 unilateral d&#8217;Israel<\/strong><span class=\"ez-toc-section-end\"><\/span><\/h2>\n<p>Despr\u00e9s de l&#8217;aprovaci\u00f3 de la Resoluci\u00f3 181 II de la AGNU, al gener de 1948 Golda Meir va viatjar als <strong>EUA<\/strong> a <strong>recaptar fons<\/strong> ja que la c\u00fapula sionista entenia que la guerra era inevitable. Meir va recaptar als EUA donacions per a comparar armament per al Hagan\u00e1 per valor de 50 milions d\u00f2lars, armament que va ser determinant per a refor\u00e7ar l&#8217;estrat\u00e8gia militar sionista recollida en el <a href=\"https:\/\/es.wikipedia.org\/wiki\/Plan_Dalet\" target=\"_blank\" rel=\"noopener\">Pla Dalet<\/a> de 10 de mar\u00e7 de 1948; i la primera operaci\u00f3 del qual va ser Nachshon a l&#8217;abril de 1948 destinada a aixecar el bloqueig de Jerusalem que estaven duent a terme les tropes liderades per Abd Al-Qadir Al Husseini, nebot del muft\u00ed de Jerusalem. El 2 d&#8217;abril, el Hagan\u00e1 va prendre el llogaret palest\u00ed d&#8217;Al-Qastal (va ser el primer llogaret \u00e0rab presa i demolida pels sionistes), i els pa\u00efsos \u00e0rabs van negar el suport militar a Al Husseini per a recuperar-la. En aquestes setmanes, es va dur a terme tamb\u00e9 la <a href=\"https:\/\/es.wikipedia.org\/wiki\/Masacre_de_Deir_Yassin\" target=\"_blank\" rel=\"noopener\"><strong>massacre de Deir Yassin,<\/strong><\/a> durant la qual paramilitars sionistes de Irg\u00fan i Lehi van matar a 120 civils palestins (seria la primera massacre de moltes).<\/p>\n<p>Finalment, la <strong>Declaraci\u00f3 unilateral d&#8217;independ\u00e8ncia<\/strong> de l&#8217;Estat d&#8217;<strong>Israel<\/strong> va tenir lloc el 14 de maig de 1948. No obstant aix\u00f2, experts en dret internacional<sup><a href=\"#footnote_8_17450\" id=\"identifier_8_17450\" class=\"footnote-link footnote-identifier-link\" title=\"Veure el llibre &ldquo;El proceso de paz en Palestina&rdquo; (&ldquo;El proc&eacute;s de pau en Palestina&rdquo;) del catedr&agrave;tic de dret internacional p&uacute;blic de la Universitat Aut&ograve;noma de Madrid (UAM), Alfonso Iglesias Velasco (edicions UAM, 2000, p&agrave;g. 36-37). Per a una an&agrave;lisi m&eacute;s detallada d&rsquo;aquesta q&uuml;esti&oacute; veure un altre document d&rsquo;aquesta secci&oacute; de la web titulat: &ldquo;Proposta de Soluci&oacute; al Conflicte entre Israel i Palestina&rdquo;.\">&nbsp;8<\/a><\/sup> sostenen que Israel es va constituir sense legitimitat sobre el territori. Malgrat la qual cosa, i en gran manera com a reacci\u00f3 a l&#8217;Holocaust nazi, Israel va acabar sent adm\u00e8s en NNUU en 1949.<\/p>\n<h1><span class=\"ez-toc-section\" id=\"3_les_sis_guerres_arab-israelians\"><\/span><strong>3. Les sis guerres \u00e0rab-israelians<\/strong><span class=\"ez-toc-section-end\"><\/span><\/h1>\n<p>La <strong>primera guerra \u00e0rab-israeliana<\/strong> (<strong>1948-1949<\/strong>)<sup><a href=\"#footnote_9_17450\" id=\"identifier_9_17450\" class=\"footnote-link footnote-identifier-link\" title=\"Aquestes dues p&agrave;gines web, a les que pots accedir a trav&eacute;s dels hipervincles, recullen, respectivament, totes les guerres &agrave;rab-israelianes i israelopalestines des de 1948 fins a l&rsquo;actualitat.\">&nbsp;9<\/a><\/sup> es va iniciar l&#8217;endem\u00e0 de la Declaraci\u00f3 d&#8217;Independ\u00e8ncia per cinc estats \u00e0rabs inconformes amb aquesta declaraci\u00f3 unilateral (Egipte, L\u00edban, l&#8217;Iraq, Jord\u00e0nia i S\u00edria) i va suposar <strong>l&#8217;expulsi\u00f3 de 750 000 Palestins per tropes israelianes,<\/strong> l&#8217;anomenada <span style=\"color: #ff0000;\"><strong>Nakba<\/strong><\/span> o cat\u00e0strofe; la destrucci\u00f3 sistem\u00e0tica de 531 pobles palestins i d&#8217;11 ciutats palestines que van ser buidades dels seus habitants; centenars de milers d&#8217;hect\u00e0rees de terra confiscades; i l&#8217;annexi\u00f3 per part d&#8217;Israel del 26% de la terra que la Resoluci\u00f3 181 (II) assignava als \u00e0rabs palestins, arribant a ocupar el 77% del territori del Mandat. Cisjord\u00e0nia va quedar sota control de Jord\u00e0nia i Gaza d&#8217;Egipte. Va haver-hi 13 000 morts civils palestins; entre 10 000 i 15 000 morts en combat \u00e0rabs i 6 373 israelians (4 000 soldats i 2 373 civils).<\/p>\n<p>Enfront de la visi\u00f3 tradicional israeliana que els palestins havien fugit arengats pels ex\u00e8rcits \u00e0rabs, els <strong>nous historiadors israelians<\/strong><sup><a href=\"#footnote_10_17450\" id=\"identifier_10_17450\" class=\"footnote-link footnote-identifier-link\" title=\"Entre aquests historiadors i les seves obres, es pot destacar: Ilan Papp&eacute; amb &ldquo;The Ethnic Celansing of Palestine&rdquo;, Oxford Oneworld, 2006&nbsp; i&nbsp; Benny Morris amb &ldquo;The Birth of Palestinian Refugee Problem Revisited&rdquo;, Cambbridge University Press, 2004. En la seg&uuml;ent p&agrave;gina es recull un mapa interactiu amb els poblats i llogarets dels quals va ser expulsada la poblaci&oacute; palestina durant la Nakba: https:\/\/en.wikipedia.org\/wiki\/list_of_towns_and_villages_depopulated_during_the_1947%E2%80%931949_Palestine_war. Tamb&eacute; es poden visitar webs com: https:\/\/www.zochrot.org\/articles\/view\/56528\/en?ireturn; https:\/\/www.palestineremembered.com\/index.html\">&nbsp;10<\/a><\/sup>, despr\u00e9s d&#8217;estudiar el material desclassificat parcialment en els 80 (encara que Morris va sol\u00b7licitar una desclassificaci\u00f3 m\u00e9s \u00e0mplia que va ser denegada pel Tribunal Suprem israeli\u00e0 en 1986), sostenen que la <strong>poblaci\u00f3 palestina va ser expulsada<\/strong> dels seus poblats i aquests arrasats i esborrats del mapa per les tropes israelianes.<\/p>\n<p>El 17 de setembre de 1948, el suec Folke Bernadotte, primer mediador de la hist\u00f2ria de la #ONU va ser assassinat a Jerusalem per Yeshua Cohen, un terrorista sionista israeli\u00e0 que pertanyia a Lehi, en un magnicidi planificat per quatre homes, un d&#8217;ells Yitzak Yezernitsky, que seria el futur primer ministre d&#8217;Israel, Yitzhak Shamir, just el dia despr\u00e9s que Bernadotte acab\u00e9s de redactar la seva proposta de divisi\u00f3 en dos Estats amb un estatus especial per a Jerusalem; i lliur\u00e9s un informe sobre la destrucci\u00f3 de llogarets.<\/p>\n<p>La AGNU va aprovar l&#8217;11 de desembre de 1948 la<strong> resoluci\u00f3 194 (III)<\/strong> que recull el <strong>dret dels refugiats<\/strong> palestins <strong>a tornar<\/strong> a les seves llars i al fet que se&#8217;ls indemnitzi per les p\u00e8rdues sofertes.<\/p>\n<p>En 1949, NNUU va fer un primer intent de confer\u00e8ncia de pau: la Confer\u00e8ncia de Lausane, que no va prosperar.<\/p>\n<p>La Lliga \u00c0rab va establir el 22 de setembre el \u201cGovern de Tota Palestina\u201d que nom\u00e9s va ser efectiu a Gaza, sota control d&#8217;Egipte; mentre que Jord\u00e0nia s&#8217;annexionava Cisjord\u00e0nia en la Confer\u00e8ncia de Jeric\u00f3 l&#8217;1 de desembre.<\/p>\n<p>Despr\u00e9s de l&#8217;atac d&#8217;Israel a tropes eg\u00edpcies estacionades a Gaza, el president egipci Nasser va decretar el tancament de l&#8217;estret de Tir\u00e1n per a vaixells i avions procedents d&#8217;o dirigits a Israel. Per part seva, Israel amb el suport de Regne Unit i Fran\u00e7a va llan\u00e7ar un atac conjunt a Egipte en el que es va dir la <strong>Guerra de Suez de 1956<\/strong>, per la qual Israel va ocupar la pen\u00ednsula del Sina\u00ed. Va ser una guerra d&#8217;elecci\u00f3<sup><a href=\"#footnote_11_17450\" id=\"identifier_11_17450\" class=\"footnote-link footnote-identifier-link\" title=\"Ein breira: Principi jueu de &ldquo;no exist&egrave;ncia d&rsquo;alternativa&rdquo;. Aquest principi, que era la base del relat sionista sobre la participaci&oacute; d&rsquo;Israel en les successives guerres, es va trencar en 1982 quan el primer ministre israeli&agrave; Menachem Begin va donar una xerrada en l&rsquo;Acad&egrave;mia Militar sobre guerres d&rsquo;elecci&oacute; i guerres de no elecci&oacute; i va argumentar que tant la Guerra del Sina&iacute; de 1956 com la Guerra a L&iacute;ban en 1982 havien estat guerres d&rsquo;elecci&oacute; dissenyades per a aconseguir objectius nacionals. https:\/\/www.gov.il\/en\/pages\/55-address-by-pm-begin-at-the-national-defense-college-8-august-1982\">&nbsp;11<\/a><\/sup> dissenyada per a aconseguir objectius nacionals. Va haver-hi entre 1 650 i 3 000 morts en combat \u00e0rabs, 172 israelians, 16 brit\u00e0nics i 10 francesos.<\/p>\n<p>L&#8217;acostament franc-israeli\u00e0 va portar tamb\u00e9 aconsegueixo el desenvolupament de l&#8217;energia nuclear israeliana, que es va materialitzar en 1958 en la creaci\u00f3 de la central nuclear de Dimona. Des de llavors, el programa nuclear israeli\u00e0 s&#8217;ha mantingut al marge de la legalitat internacional com han criticat tant organismes internacionals com experts israelians.<\/p>\n<p>En aquest context, els palestins van comen\u00e7ar a s&#8217;organitzar en diferents associacions per a resistir. La m\u00e9s important va ser la <strong>OLP<\/strong> (Organitzaci\u00f3 per a l&#8217;Alliberament de Palestina), fundada al maig de <strong>1964<\/strong> a Jerusalem amb el suport de la Lliga \u00c0rab i a inst\u00e0ncies del president egipci Nasser, com a organitzaci\u00f3 palestina unificada.<\/p>\n<p>En <strong>1967<\/strong> Egipte va mobilitzar soldats al Sina\u00ed el que va tornar a posar en perill la sortida dels vaixells israelians al Mar Roig. El 5 de juny de 1967, davant la negativa eg\u00edpcia de desbloquejar el golf de Aqaba, Israel va bombardejar l&#8217;aviaci\u00f3 eg\u00edpcia situada en la pen\u00ednsula del Sina\u00ed, donant principi d&#8217;aquesta forma a la <strong>Guerra dels Sis Dies<\/strong>. En els 6 dies que va durar la guerra, Israel va conquistar la Franja de Gaza, Cisjord\u00e0nia, Jerusalem Oriental, la pen\u00ednsula del Sina\u00ed i els Alts del Gol\u00e1n (S\u00edria). La guerra va ocasionar una <strong>segona onada d&#8217;entre 300.000 i 400.000 refugiats palestins<\/strong>, la <span style=\"color: #ff0000;\"><strong>Naksa<\/strong><\/span>, dels quals gaireb\u00e9 un ter\u00e7 es van convertir en refugiats per segona vegada. La majoria es va exiliar a L\u00edban, Jord\u00e0nia, S\u00edria i els estats del golf P\u00e8rsic. Va haver-hi entre 11 510 i 18 214 morts en combat \u00e0rabs i 777 israelians.<\/p>\n<p>Els pa\u00efsos \u00e0rabs reunits a Khartum (Sudan) al setembre de 1967 van acordar una Resoluci\u00f3 l&#8217;article de la qual 3 contenia la doctrina dels 3 nos: no negociar, no recon\u00e8ixer i no fer la pau amb Israel.<\/p>\n<p>El Consell de Seguretat de Nacions Unides (<strong>CSNU<\/strong>) va aprovar per unanimitat el 22 de novembre de 1967 la <strong>resoluci\u00f3 242<\/strong>, que consagra el principi de \u201cpau per territori\u201d, \u00e9s a dir, que Israel aconseguir\u00e0 la pau quan retorni el territori que va ocupar militarment per la for\u00e7a durant la Guerra dels Sis Dies.<\/p>\n<p>Entre <strong>1967 i 1973<\/strong> es va dur a terme la denominada \u201c<strong>guerra de desgast<\/strong>\u201d. Israel va mantenir l&#8217;ocupaci\u00f3 militar de tots els territoris conquistats durant 1967, sotmetent a la poblaci\u00f3 palestina a la llei marcial i incentivant els assentaments de jueus en els territoris ocupats, en una clara violaci\u00f3 de la Quarta Convenci\u00f3 de Ginebra, que en el seu article 49 prohibeix el trasllat de poblaci\u00f3 civil de la pot\u00e8ncia ocupant al territori ocupat. Quant a Jerusalem Oriental, Israel es va annexionar aquesta part de la ciutat a la conclusi\u00f3 de la guerra de 1967 i va comen\u00e7ar la demolici\u00f3 de barris palestins i la construcci\u00f3 de barris jueus el seu lloc.<\/p>\n<p>Al setembre de 1970 va tenir lloc a Jord\u00e0nia el \u201cSetembre Negre\u201d que va ser una guerra de baixa intensitat entre la OLP i el r\u00e8gim d&#8217;Hussein de Jord\u00e0nia, que es considera el comen\u00e7ament de l&#8217;expulsi\u00f3 de la OLP de Jord\u00e0nia.<\/p>\n<p>En paral\u00b7lel, durant aquests anys, la OLP va intensificar els atemptats contra els interessos israelians dins i fora d&#8217;Israel, com van ser: el segrest palest\u00ed de l&#8217;avi\u00f3 Sabena (8\/05\/1972); massacre de l&#8217;Ex\u00e8rcit Roig japon\u00e8s, liderat per la republicana japonesa propalestina Fusako Shigenobu, en l&#8217;aeroport de Lod, amb 26 morts israelians (30\/05\/1972); i massacre de Munic, amb 11 morts israelians, onze atletes que participaven en els Jocs Ol\u00edmpics de Munic, Alemanya (5 i 6\/09\/1972).<\/p>\n<p>La llavors Primera Ministra Golda Meir es va negar a negociar l&#8217;alliberament dels presos palestins a canvi dels atletes israelians, que lamentablement van acabar morint, i va ordenar als serveis d&#8217;intel\u00b7lig\u00e8ncia israelianes donar aconsegueixi tots els capitostos palestins amb l&#8217;operatiu \u201cC\u00f2lera de D\u00e9u\u201d.<\/p>\n<p>Entre 1970 i 1973, la pol\u00edtica exterior de Golda Meir va permetre l&#8217;emigraci\u00f3 russa i sovi\u00e8tica de jueus des de l&#8217;antiga Uni\u00f3 de Rep\u00fabliques Socialistes Sovi\u00e8tiques (URSS) cap a Israel a trav\u00e9s d&#8217;\u00c0ustria, calculada en unes 200.000 persones. El 28\/09\/1973 set d&#8217;aquests emigrants jueus van ser presos com a ostatges a \u00c0ustria per \u00e0rabs de S\u00edria que demanaven el tancament del Centre de Tr\u00e0nsit de Jueus; i un salconduit a un pa\u00eds \u00e0rab. La llavors primera ministra israeliana Golda Meir va intentar conv\u00e8ncer a Viena al llavors canceller austr\u00edac, <strong>Bruno Kreisky<\/strong>, tamb\u00e9 jueu, que no ced\u00eds al \u201cxantatge terrorista\u201d, per\u00f2 Kreisky va aconseguir estar per sobre de les pressions d&#8217;Israel i salvar amb aquesta decisi\u00f3 set vides humanes, a difer\u00e8ncia del que havia passat a Munic l&#8217;any anterior.<\/p>\n<p>La <strong>Guerra de Yom Kipur<\/strong>, Guerra del Ramad\u00e0 o Guerra d&#8217;Octubre va ser un conflicte armat entre Israel i els pa\u00efsos \u00e0rabs d&#8217;Egipte i S\u00edria, els qui van llan\u00e7ar el seu atac per a recuperar els territoris que Israel ocupava des de la Guerra de 1967 el 6 d&#8217;octubre de <strong>1973<\/strong>, dia de la festivitat jueva del Yom Kipur. L&#8217;ex\u00e8rcit egipci va creuar el canal de Suez superant r\u00e0pidament les defenses israelianes. Al mateix temps, les forces sirianes van avan\u00e7ar en els Alts del Gol\u00e1n. Una vegada recuperada la pen\u00ednsula del Sina\u00ed, el president d&#8217;Egipte Sadat va decidir parar el front egipci, la qual cosa va permetre a Israel concentrar totes les seves forces en el front nord, va envair S\u00edria i va amena\u00e7ar la capital, Damasc; al mateix temps, Israel va avan\u00e7ar en la contraofensiva del Sina\u00ed, fent retrocedir als egipcis m\u00e9s enll\u00e0 de les seves fronteres i creuant el Canal de Suez. Va haver-hi entre 8 000 i 18 500 morts en combat \u00e0rabs i entre 2 521 i 2 800 israelians.<\/p>\n<p>Els pa\u00efsos \u00e0rabs, davant aquesta realitat, van decidir iniciar una guerra econ\u00f2mica i van embargar el petroli dels pa\u00efsos que ajudaven a Israel, al mateix temps que redu\u00efen les vendes amb el prop\u00f2sit d&#8217;aconseguir un augment dels preus. El seu efecte, que va passar a la hist\u00f2ria com la <strong>crisi del petroli de 1973<\/strong>, va ser una desestabilitzaci\u00f3 de l&#8217;economia internacional, que va pressionar als EUA i l&#8217;URSS a aconseguir un acord a trav\u00e9s de la ONU que es va concretar en la <strong>resoluci\u00f3 del CSNU 338<\/strong> de 22 d&#8217;octubre de 1973 que va permetre que s&#8217;arrib\u00e9s a un alto-el-foc aquest 25 de novembre, i recomana l&#8217;inici de les negociacions en vista de \u201cinstaurar una pau justa i duradora a l&#8217;Orient Mitj\u00e0\u201d. Egipte va comen\u00e7ar a s&#8217;allunyar de les tesis sovi\u00e8tiques i s&#8217;acostar als EUA, mentre que S\u00edria va mantenir les seves posicions vinculades a l&#8217;URSS.<\/p>\n<p>El 21 de desembre de 1973 va tenir lloc la Confer\u00e8ncia de Ginebra organitzada per NNUU per a articular la pau, per\u00f2 tampoc va prosperar.<\/p>\n<p>L&#8217;11 de novembre de 1974, Yaser Arafat va intervenir, com a l\u00edder de la OLP, davant la AGNU a Nova York en un discurs en qu\u00e8 explicava l&#8217;origen hist\u00f2ric del conflicte i tendia la m\u00e0 a la negociaci\u00f3 d&#8217;una pau justa.<\/p>\n<p>La gran sensaci\u00f3 de vulnerabilitat que va causar l&#8217;ofensiva egipci-siriana va emp\u00e8nyer a <strong>Israel<\/strong> a comen\u00e7ar a negociar unilateralment amb <strong>Egipte<\/strong> una pau i el 17 de setembre de <strong>1978<\/strong>, el president egipci Sadat i el primer ministre israeli\u00e0 Begin van signar els <strong>Acords de Pau<\/strong>\u00a0de Camp David, en pres\u00e8ncia del president dels EUA, Jimmy Carter. Aquest acord va suposar el primer tractat de pau d&#8217;Israel amb un pa\u00eds \u00e0rab i l&#8217;aplicaci\u00f3 per primera vegada en la hist\u00f2ria d&#8217;Israel de la doctrina de pau per territoris establerta en la resoluci\u00f3 242 del CSNU. Israel va haver de retornar el territori conquistat en 1967, la qual cosa va incloure el desmantellament de diversos assentaments establerts al nord de la pen\u00ednsula del Sina\u00ed. Egipte va ser percebut com a tra\u00efdor a la causa \u00e0rab; el seu President Sadat assassinat en 1981; i el pa\u00eds susp\u00e8s de la Lliga \u00c0rab fins a la seva readmissi\u00f3 en 1989.<\/p>\n<p>Despr\u00e9s del Setembre Negre de 1970, milers de guerrillers palestins van ser expulsats de Jord\u00e0nia, i la OLP va decidir establir les seves bases al L\u00edban. En 1978 la ONU va desplegar una for\u00e7a d&#8217;interposici\u00f3 (UNIFIL) en la zona, per\u00f2 les tensions van continuar.<\/p>\n<p>Al juny de <strong>1982<\/strong> <strong>Israel va envair L\u00edban<\/strong>, en la \u201coperaci\u00f3 Paz per a Galilea\u201d, secundat pels cristians-maronites. Amb mediaci\u00f3 estatunidenca, es va produir l&#8217;evacuaci\u00f3 de combatents palestins, establint-se la c\u00fapula de la OLP a Tun\u00edsia. L&#8217;assassinat del president cristi\u00e0-maronita Gemayel per un agent siri\u00e0 va provocar l&#8217;entrada de les Falanges Libaneses amb suport israeli\u00e0 en els campaments de refugiats palestins de Sabra i Chatila, provocant la \u201c<strong>Massacre de Shabra i Shatila<\/strong>\u201d que va causar uns 6 000 morts palestins i que es pot emmarcar en la llarga guerra civil libanesa (1975-1990).<\/p>\n<p>Israel va bombardejar la seu de la OLP a Tun\u00edsia a l&#8217;octubre de 1985 el que va ser durament criticat per la ONU (resoluci\u00f3 CSNU 573).<\/p>\n<h1><span class=\"ez-toc-section\" id=\"4la_primera_intifada_palestina_i_lesperanca_de_la_pau_amb_els_acords_doslo_de_1993_i_de_taba_de_1995\"><\/span><strong>4.La primera intifada palestina i l&#8217;esperan\u00e7a de la pau amb els Acords d&#8217;Oslo de 1993 i de Taba de 1995<\/strong><span class=\"ez-toc-section-end\"><\/span><\/h1>\n<p>Al desembre de <strong>1987<\/strong> es va iniciar el que va anomenar <a href=\"https:\/\/ca.wikipedia.org\/wiki\/Primera_intifada\" target=\"_blank\" rel=\"noopener\"><strong>Primera Intifada<\/strong><\/a>, moviment popular palest\u00ed en la Franja de Gaza, Cisjord\u00e0nia i Jerusalem Oriental en contra de les forces israelianes d&#8217;ocupaci\u00f3 amb l&#8217;objectiu de posar fi a l&#8217;ocupaci\u00f3, encara que el detonant directe va ser l&#8217;assassinat de quatre treballadors de Yabalia (Gaza) quan el seu vehicle va ser envestit per un cami\u00f3 militar israeli\u00e0. En aquestes dates el clergue Ahmed Yassin va crear Hamas, moviment islamista sunnita afiliat als Germans Musulmans, que Israel va encoratjar en els seus inicis per a esperonar la rivalitat amb la OLP liderada per Yaser Arafat.<\/p>\n<p>La Primera Intifada es va estendre fins a 1993 i es calcula que va produir 1 374 morts palestins i 93 israelians.<\/p>\n<p>El 15 de novembre de <strong>1988<\/strong> va ser proclamada a Alger la <strong>Declaraci\u00f3 unilateral d&#8217;independ\u00e8ncia de Palestina<\/strong>, que havia estat pr\u00e8viament aprovada pel Consell Nacional Palest\u00ed (CNP), l&#8217;\u00f2rgan legislatiu de la OLP. Va encoratjar el reconeixement de Palestina per diversos Estats de Nacions Unides.<\/p>\n<p>Entre el 30 d&#8217;octubre i l&#8217;1 de novembre de <strong>1991<\/strong> va tenir lloc la <a href=\"https:\/\/es.wikipedia.org\/wiki\/Conferencia_de_Paz_de_Madrid\" target=\"_blank\" rel=\"noopener\"><strong>Confer\u00e8ncia de pau de Madrid<\/strong><\/a> que va reunir delegacions d&#8217;Israel, S\u00edria, L\u00edban, Egipte i una jord\u00e0-palestina, afavorides pels EUA i l&#8217;URSS; i que van ser seguides de deu rondes negociadores a Washington. Les rondes de converses no van arribar a bon port: (1) en el seu primer tram, quan el negociador principal israeli\u00e0 era Shamir, \u201cperqu\u00e8 el seu comprom\u00eds ideol\u00f2gic amb el Gran Israel deixava poc marge per al comprom\u00eds\u201d; i (2) en el seu segon tram, quan va haver-hi canvi en l&#8217;equip estatunidenc despr\u00e9s de les eleccions, perqu\u00e8 Clinton va passar a secundar novament de manera unilateral les tesis israelianes i va deixar de poder exercir com a mediador honest<sup><a href=\"#footnote_12_17450\" id=\"identifier_12_17450\" class=\"footnote-link footnote-identifier-link\" title=\"Sobre l&rsquo;an&agrave;lisi que fa l&rsquo;historiador israeli&agrave; Avi Shla&iuml;m sobre Shamir i sobre com i per qu&egrave; els EUA va deixar de ser un mediador honest vegeu el cap&iacute;tol 7 del seu llibre &ldquo;War and Peace&rdquo; de 1995. Es pot llegir el llibre en angl&egrave;s en: https:\/\/archive.org\/details\/warpeaceinmiddle0000shla\/mode\/1up. Per a m&eacute;s informaci&oacute; sobre els Acords d&rsquo;Oslo, veure: https:\/\/ca.wikipedia.org\/wiki\/Acords_d%27Oslo . Per a una an&agrave;lisi m&eacute;s detallada tant d&rsquo;aquesta confer&egrave;ncia de pau com de tot l&rsquo;entramat d&rsquo;acords que van seguir a la mateixa veure un altre document d&rsquo;aquesta secci&oacute; de la web titulat: &ldquo;Proposta de Soluci&oacute; al Conflicte entre Israel i Palestina&rdquo;.\">&nbsp;12<\/a><\/sup>.<\/p>\n<p>En paral\u00b7lel, van tenir lloc <strong>converses de pau secretes<\/strong> directes entre Israel i la OLP, afavorides per Noruega, que van conduir als Acords d&#8217;Oslo, a un primer entre Israel i la OLP de 13\/09\/1993, signat a Washington; i un segon, rubricat en Taba el 24\/09\/1995 i\u00a0 signat a Washington el 28\/09\/1995. Aquests acords establien l&#8217;Autoritat Nacional Palestina (ANP) que s&#8217;encarregaria de gestionar diverses pol\u00edtiques p\u00fabliques a Gaza i Cisjord\u00e0nia que es dividia en \u00e0rees A, B i C; Israel retenia la pol\u00edtica exterior, defensa i fronteres; i <strong>es donaven cinc anys per a negociar un acord permanent<\/strong> que abordaria ja q\u00fcestions com l&#8217;estatus de Jerusalem, els refugiats palestins o els assentaments israelians.<\/p>\n<p>Aix\u00ed i tot, i segons va assegurar el llavors MAE Peres durant el Consell de ministres de 13 d&#8217;agost de 1995, l&#8217;acord de Taba permetia \u201cretenir en mans israelianes el 73% de la terra palestina de Cisjord\u00e0nia; el 97% de la seva seguretat; i el 80% dels seus recursos h\u00eddrics\u201d<sup><a href=\"#footnote_13_17450\" id=\"identifier_13_17450\" class=\"footnote-link footnote-identifier-link\" title=\"Quan no existia internet, la informaci&oacute; calia verificar-la en diferents anuaris internacionals. Un d&rsquo;ells i potser el m&eacute;s fam&oacute;s era el &ldquo;Keesing&rsquo;s R&egrave;cord of World Events&rdquo; o anomenat tamb&eacute; simplement &ldquo;Keesing&rdquo;. Doncs b&eacute;, en el seu volum 41, n&uacute;mero 7\/8, de 25\/09\/1995, p&agrave;g. 40704, es troba l&rsquo;afirmaci&oacute; que s&rsquo;acaba de replicar. S&rsquo;adjunta a continuaci&oacute; aquest document i cal anar a la tercera p&agrave;gina d&rsquo;aquest pdf i veure el ressaltat en groc:1995 P&aacute;ginas del Keesing&rsquo;s Recorld of World Events.\">&nbsp;13<\/a><\/sup>.<\/p>\n<p>El 26 d&#8217;octubre de <strong>1994<\/strong> <strong>Israel<\/strong> i <strong>Jord\u00e0nia<\/strong> van signar un <strong>Acord de Pau<\/strong>\u00a0que va normalitzar les seves relacions i va posar fi a les disputes territorials.<\/p>\n<p>No obstant aix\u00f2, quan la pau semblava comen\u00e7ar a penetrar -i els seus art\u00edfexs obtenien el Premi Nobel de la Pau de 1994-, va tenir lloc, primer, al febrer de 1994, la massacre d&#8217;Hebron en qu\u00e8 un israeli\u00e0-estatunidenc va matar a 29 palestins, i arrel de la qual es van iniciar els atemptats su\u00efcides palestins; i, el 4 de novembre de <strong>1995<\/strong>, <strong>l&#8217;assassinat<\/strong> del llavors primer ministre laborista israeli\u00e0, Issac <strong>Rabin<\/strong>, per un extremista\/ terrorista sionista religi\u00f3s israeli\u00e0<sup><a href=\"#footnote_14_17450\" id=\"identifier_14_17450\" class=\"footnote-link footnote-identifier-link\" title=\"&ldquo;Religious Zionism and the Rabin Assassination.&rdquo; Tradition: A Journal of Orthodox Jewish Thought, vol. 48, no. 4, 2015, p&agrave;g. 12&ndash;17. JSTOR, http:\/\/www.jstor.org\/stable\/44821371. Aqu&iacute; s&rsquo;explica que Rabin va ser assassinat perqu&egrave; el seu assass&iacute;, Yigal Amir, ho considerava un rodef, un perseguidor que posava en perill vides jueves, d&rsquo;acord amb la &ldquo;din rodef&rdquo; jueva o &ldquo;llei del perseguidor&rdquo; jueva que va enunciar Maim&oacute;nides i que obliga a salvar a qualsevol persona perseguida del seu perseguidor, encara que impliqui matar a aquest. Mateix principi que Israel aplica als seus assassinats selectius dins i fora de les fronteres d&rsquo;Israel, assassinats que s&oacute;n il&middot;legals d&rsquo;acord amb el dret internacional.\">&nbsp;14<\/a><\/sup>.<\/p>\n<h1><span class=\"ez-toc-section\" id=\"5_la_radicalitzacio_de_la_politica_israeliana_la_segona_intifada_i_lombra_de_la_pau\"><\/span><strong>5. La radicalitzaci\u00f3 de la pol\u00edtica israeliana, la segona intifada i l&#8217;ombra de la pau<\/strong><span class=\"ez-toc-section-end\"><\/span><\/h1>\n<p>En <strong>1996<\/strong>, a Israel, el partit Likud (dreta sionista) va arribar al poder a Israel amb Benjam\u00ed <strong>Netanyahu<\/strong>, qui va tornar a impulsar la creaci\u00f3 i l&#8217;ampliaci\u00f3 d&#8217;assentaments jueus en territori palest\u00ed.<\/p>\n<p>En paral\u00b7lel, aquest 1996, van tenir lloc les <strong>primeres eleccions<\/strong> presidencials i parlament\u00e0ries <strong>palestines<\/strong>: les primeres les va guanyar Arafat amb un 88% del vot i les segones el seu partit Fatah va obtenir 55 dels 88 escons.<\/p>\n<p>En 1999 va tornar a guanyar el laborisme a Israel amb Ehud Barak i es van reprendre les negociacions de pau: les de Camp David afavorides pels EUA al juliol de 2000 i les de gener de 2001 entre Israel i la #ANP en Taba (Egipte) per a abordar les q\u00fcestions pendents, encara que no es va arribar a un acord davant la proximitat d&#8217;eleccions parlament\u00e0ries a Israel.<\/p>\n<p>El 29 de setembre de <strong>2000<\/strong>, el llavors candidat del Likud, Ariel Sharon, va visitar, en un gest reptador, la mesquita d&#8217;Al-Aqsa de Jerusalem, tercer lloc sagrat de l&#8217;Islam, la qual cosa, unit a l&#8217;enorme frustraci\u00f3 per la falta d&#8217;avan\u00e7os tangibles per a la causa palestina, va deslligar la <a href=\"https:\/\/ca.wikipedia.org\/wiki\/Segona_intifada\" target=\"_blank\" rel=\"noopener\"><strong>Segona Intifada<\/strong><\/a>. Es va estendre fins a 2005 i es calcula que va produir 3 368 morts palestins i 1 008 israelians.<\/p>\n<p>La resoluci\u00f3 1397 del CSNU de 12 de mar\u00e7 de 2002 secunda que Palestina com a Estat visqui al costat d&#8217;Israel &#8220;amb fronteres reconegudes i segures&#8221;; exigeix el cessament de la viol\u00e8ncia i la volta a les negociacions de pau.<\/p>\n<p>La Iniciativa \u00c0rab de Paz aprovada per en el Cim de Lliga \u00c0rab de Beirut del 27 de mar\u00e7 de 2002 ofereix establir les bases per a la pau.<\/p>\n<p>Els EUA, la UE, R\u00fassia i la ONU van crear a l&#8217;abril de <strong>2002<\/strong> a Madrid l&#8217;anomenat <strong>Quartet de Madrid<\/strong>, amb oficines a Jerusalem Oriental, per a intentar abordar l&#8217;espiral de viol\u00e8ncia i canalitzar el proc\u00e9s de pau. El Quartet va presentar el 30 d&#8217;abril de 2003 un Full de ruta per a la Pau en tres fases que inclo\u00efa crear un Estat palest\u00ed sobir\u00e0 i independent per a 2005; i que va ser avalada per Israel, la ANP i els EUA, i tamb\u00e9 pel CSNU a trav\u00e9s de la Resoluci\u00f3 1515 de 19\/11\/2003.<\/p>\n<h1><span class=\"ez-toc-section\" id=\"6_preparant_lobjectiu_final_per_a_gaza_i_el_final_del_somni_dun_estat_palesti\"><\/span><strong>6. Preparant l&#8217;objectiu final per a Gaza i el final del somni d&#8217;un Estat palest\u00ed<\/strong><span class=\"ez-toc-section-end\"><\/span><\/h1>\n<p>Sharon va assumir el c\u00e0rrec de primer ministre israeli\u00e0 al mar\u00e7 de <strong>2001<\/strong> i, durant el seu mandat, d&#8217;una banda, va iniciar la <strong>construcci\u00f3 del mur<\/strong> que separa Israel de Cisjord\u00e0nia i que ha estat declarat contrari al dret internacional i <strong>il\u00b7legal per la Cort Internacional de Just\u00edcia (CIJ)<\/strong><sup><a href=\"#footnote_15_17450\" id=\"identifier_15_17450\" class=\"footnote-link footnote-identifier-link\" title=\"L&rsquo;opini&oacute; consultiva de la CIJ, nom&eacute;s disponible en angl&egrave;s i en franc&egrave;s, es pot trobar en la web de la CIJ: https:\/\/www.icj-cij.org\/case\/131, punxant en la columna de la dreta en &ldquo;Advisory opini&oacute;&rdquo;, l&rsquo;essencial es troba en par&agrave;graf 163; i en castell&agrave; es pot accedir a trav&eacute;s de la resoluci&oacute; &Eacute;S-10\/273 que va emetre la AGNU el 13\/07\/2004: https:\/\/undocs.org\/es\/a\/es-10\/273, par. 163 (p&aacute;gs. 59-61).\">&nbsp;15<\/a><\/sup> el 9\/07\/2004 i, per un altre, va dur a terme a l&#8217;agost de <strong>2005<\/strong> la <strong>retirada unilateral de Gaza<\/strong> i el desmantellament de 21 assentaments israelians a Gaza, encara que Israel ha continuat controlant 6 dels 7 passos fronterers de Gaza (sent el restant, Rafah, controlat te\u00f2ricament per Egipte, encara que en la pr\u00e0ctica Israel exerceix el control \u00faltim), aix\u00ed com el seu espai aeri, mar\u00edtim i els seus serveis p\u00fablics (aigua, electricitat, telecomunicacions, etc).<\/p>\n<p>Al gener de <strong>2006<\/strong> va haver-hi, per <strong>segona vegada, eleccions en Palestina<\/strong>: Mahmud Abas de Fatah va guanyar les presidencials amb el 62% dels vots; i Canvi i Reforma (<strong>Hamas<\/strong>) les legislatives amb 72 dels 132 escons. Ismail Haniya de Hamas va ser nomenat primer ministre palest\u00ed al mar\u00e7 de 2006. La reacci\u00f3 d&#8217;Israel va ser tallar les transfer\u00e8ncies financeres a la ANP i pressionar al Quartet perqu\u00e8, al seu torn, pression\u00e9s a Abas, qui va acabar dissolent el govern palest\u00ed de Haniya al maig de 2007. Aix\u00ed i tot, si es llegeixen les declaracions de Haniya no demana \u201cla destrucci\u00f3 d&#8217;Israel\u201d, sin\u00f3 que Israel reconegui un Estat palest\u00ed i els drets de la seva gent i considera que, mentre continu\u00ef l&#8217;ocupaci\u00f3 israeliana, la resist\u00e8ncia palestina \u00e9s leg\u00edtima. Des de 2006 no ha tornat a haver-hi eleccions parlament\u00e0ries en Palestina; la ANP ha gestionat Cisjord\u00e0nia i Ham\u00e0s Gaza, despr\u00e9s de la qual cosa tant Israel com Egipte van decretar el bloqueig de Gaza. Tots els intents ulteriors de reunificar als pol\u00edtics palestins (2017 Caire o 2022 Alger) no han arribat a bon port.<\/p>\n<p>Una vegada buidada Gaza de colons jueus i una vegada dividida la classe pol\u00edtica palestina, <strong>Israel va comen\u00e7ar a centrar les seves operacions a Gaza<\/strong>.<\/p>\n<p>Durant l&#8217;operaci\u00f3 Plom Fos, Israel inicia bombardejos sobre posicions de Hamas a Gaza, seguida d&#8217;ofensiva per terra, mar i aire entre 27 de desembre de <strong>2008<\/strong> i 18 de gener de 2009 que es va saldar amb 1 300 morts palestins i 11 israelians.<\/p>\n<p>Entre el 14 i el 21 de novembre de <strong>201<\/strong>2 Israel llan\u00e7a l&#8217;operaci\u00f3 Pilar Defensiu contra Gaza i va matar a 162 palestins, entre ells el dirigent de Hamas, Ahmed Yabari.<\/p>\n<p>Del 8 de juliol al 26 d&#8217;agost de <strong>2014<\/strong> Israel va llan\u00e7ar l&#8217;operaci\u00f3 Penya-segat Poder\u00f3s sobre territori gazat\u00ed en qu\u00e8 van morir entorn de 2 200 palestins i 73 israelians.<\/p>\n<p>La Gran Marxa del Retorn a Gaza, que advocava pel dret dels refugiats palestins al retorn, va enfrontar als gazat\u00edes amb Israel entre <strong>2018<\/strong> i 2019 i va deixar uns 312 palestins morts.<\/p>\n<p>Entre el 6 i el 21 de maig de <strong>2021<\/strong> es produeix un nou conflicte despr\u00e9s del llan\u00e7ament de coets des de Gaza en resposta als desnonaments de fam\u00edlies palestines de Sheikh Jarrah a Jerusalem Oriental i els subseg\u00fcents atacs israelians que se salden amb 253 morts palestins i 13 israelians. Agregant les dades que antecedeixen, entre 2008 i 2021, va haver-hi 4 200 morts civils palestins a Gaza.<\/p>\n<p>A partir del 7 <strong>d&#8217;octubre de 2023<\/strong> est\u00e0 en curs <strong>la sisena guerra a Gaza<\/strong> des de la retirada unilateral israeliana de la Franja en 2005. Aquest conflicte s&#8217;aborda en un document espec\u00edfic d&#8217;aquesta web.<\/p>\n<p>En paral\u00b7lel, <strong>Israel duu a terme regularment<\/strong>, sobretot a Cisjord\u00e0nia i Jerusalem Oriental:<\/p>\n<ol>\n<li><strong>Restriccions de moviments<\/strong> i confinaments domiciliaris for\u00e7osos;<\/li>\n<li><strong>Demolicions<\/strong> de cases (5 598 entre 2006 i setembre de 2023);<\/li>\n<li><strong>Detencions<\/strong> administratives arbitr\u00e0ries (al setembre de 2023 ascendien a 1 310);<\/li>\n<li>Detencions per motius de seguretat (4 764 al setembre de 2023), dades tots ells quantificats per la <a href=\"https:\/\/www.btselem.org\/\" target=\"_blank\" rel=\"noopener\">ong de drets humans (ddhh) israeli\u00e0 Btselem<\/a>.<\/li>\n<li>Tamb\u00e9 quantifica els morts palestins en mans d&#8217;Israel v\u00edctimes d&#8217;<strong>assassinats extrajudicials<\/strong>. Aix\u00ed, aquesta mateixa ong ha quantificat en <strong>10 672<\/strong> la poblaci\u00f3 palestina assassinada per israelianes, tant per autoritats oficials israelianes com per colones, entre l&#8217;any 2000 i setembre de 2023 (enfront de 1 330 israelians assassinats per palestins).<\/li>\n<\/ol>\n<p>Aix\u00ed mateix, la conculcaci\u00f3 per part d&#8217;Israel dels drets humans de la poblaci\u00f3 palestina es recull en successius informes de NNUU<sup><a href=\"#footnote_16_17450\" id=\"identifier_16_17450\" class=\"footnote-link footnote-identifier-link\" title=\"Hi ha infinitat de documents de NNUU i, concretament del seu Alt Comissionat per als Drets Humans, ACNUDH (OHCHR en les seves sigles angleses) que aborden aquesta q&uuml;esti&oacute;; com a &ldquo;bot&oacute; de mostra&rdquo; es poden consultar: https:\/\/www.ohchr.org\/en\/special-procedures\/sr-palestine; https:\/\/undocs.org\/en\/a\/73\/447; https:\/\/undocs.org\/es\/a\/77\/356. La q&uuml;esti&oacute; de la conculcaci&oacute; per part d&rsquo;Israel dels drets humans de la poblaci&oacute; palestina s&rsquo;analitzar&agrave; m&eacute;s en profunditat en un altre document d&rsquo;aquesta secci&oacute; de la web titulat: &ldquo;Proposta de Soluci&oacute; al Conflicte entre Israel i Palestina&rdquo;.\">&nbsp;16<\/a><\/sup>.<\/p>\n<p>Per part seva, la<strong> comunitat internacional<\/strong> ha seguit, al mateix temps que permetia que continu\u00e9s la <strong>impunitat d&#8217;Israe<\/strong>l, avalant proposades de pau que no han quallat.<\/p>\n<p>Confer\u00e8ncia d&#8217;Annapolis al novembre de 2007 afavorida pels EUA va fixar finals de 2008 com a data l\u00edmit per a un acord definitiu sobre totes les q\u00fcestions pendents de l&#8217;estatut permanent.<\/p>\n<p>El president dels EUA Obama va intentar rellan\u00e7ar les converses de pau #reunir al mar\u00e7 de 2014, per separat, amb el primer ministre Netanyahu i amb el president Abas, per\u00f2 no va haver-hi avan\u00e7os.<\/p>\n<p>La resoluci\u00f3 del CSNU 2334 de 23 de desembre de 2016 d\u00f3na suport a la soluci\u00f3 de dos Estats i assenyala que \u201cl&#8217;establiment d&#8217;assentaments per part d&#8217;Israel en el territori palest\u00ed ocupat des de 1967, inclosa Jerusalem Oriental, no t\u00e9 validesa legal\u201d.<\/p>\n<p>El president dels EUA Trump va donar suport a la signatura en 2020 d&#8217;acords de pau entre Israel i diferents pa\u00efsos \u00e0rabs, coneguts com els Acords d&#8217;Abraham, com va ser amb Uni\u00f3 dels Emirats \u00c0rabs (EAU) el 13 d&#8217;agost; amb Bahrain el 15 de setembre; amb Sudan el 23 d&#8217;octubre; i amb el Marroc el 10 de desembre.<\/p>\n<p>Al setembre de 2022 la Comissi\u00f3 Independent de Recerca en els Territoris Ocupats va emetre un informe en qu\u00e8 descriu detalladament la situaci\u00f3 de l&#8217;ocupaci\u00f3. El 30 de desembre de 2022 la AGNU va aprovar la resoluci\u00f3 A\/77\/247 el punt de la qual 18 demana <strong>opini\u00f3 a la CIJ<\/strong> sobre les conseq\u00fc\u00e8ncies jur\u00eddiques de l&#8217;ocupaci\u00f3, \u00e9s a dir, <strong>sobre la il\u00b7legalitat de l&#8217;ocupaci\u00f3 israeliana<\/strong> i l&#8217;obligatorietat de #retirar. Est\u00e0 previst que la CIJ doni la seva opini\u00f3 en la <strong>segona meitat de 2024<\/strong>.<\/p>\n<h1><span class=\"ez-toc-section\" id=\"7_breu_sintesi_historica_en_termes_de_territori_poblacio_i_ideologia\"><\/span><strong>7. Breu s\u00edntesi hist\u00f2rica en termes de territori, poblaci\u00f3 i ideologia<\/strong><span class=\"ez-toc-section-end\"><\/span><\/h1>\n<p>En l&#8217;exposat en aquesta \u201cBreu Cronologia\u201d s&#8217;observa una s\u00e8rie de fils conductors que permeten resumir l&#8217;esdevingut en la terra de la Palestina hist\u00f2rica des de l&#8217;arribada del sionisme pol\u00edtic en 1900 en termes de:<\/p>\n<h2><span class=\"ez-toc-section\" id=\"71_territori\"><\/span><strong>7.1. Territori<\/strong><span class=\"ez-toc-section-end\"><\/span><\/h2>\n<p>Dels aproximadament 26.300 Km\u00b2 que tenia la Palestina hist\u00f2rica, el pla de partici\u00f3 de 1947 atorgava el 46% als \u00e0rabs i el 52% als jueus. No obstant aix\u00f2, Israel ha anat incrementant el territori en el seu poder per diferents vies:<\/p>\n<ol>\n<li><strong>Compra<\/strong> de terrenys: intensa des de 1881 i fins a 1948. Aix\u00ed i tot, en 1948 nom\u00e9s el 6% del territori de la Palestina hist\u00f2rica estava en mans jueves.<\/li>\n<li><strong>Destrucci\u00f3<\/strong> de 500 pobles palestins durant la Nakba de 1946-49, apropiaci\u00f3 d&#8217;aquests territoris i esborrat de la identitat palestina d&#8217;aquests llocs.<\/li>\n<li><strong>Annexi\u00f3<\/strong> de territori per les successives <strong>guerres<\/strong>, annexionant-se un 26% de la terra palestina en 1948; i exercint com a pot\u00e8ncia ocupant en la totalitat del territori palest\u00ed des de 1967, ocupaci\u00f3 que \u00e9s il\u00b7legal.<\/li>\n<li><strong>Annexi\u00f3<\/strong> de territori per <strong>assentaments sionistes<\/strong> en terres ocupades palestines, constru\u00efts des de 1967. Aquests assentaments i les infraestructures que els donen servei suposen un control directe per part d&#8217;Israel i dels colons israelians del 40% de Cisjord\u00e0nia i del 63% del Area C cisjordana, segons den\u00fancia la ong de ddhh israeliana Btselem. Israel va augmentar el nombre de colons a Cisjord\u00e0nia, excloent Jerusalem, de 800 en 1973 a 111 600 en 1993; a 234 000 en 2004; i a 468 300 en 2022; i el nombre de colons, a Jerusalem Oriental, ha passat de 124 000 en 1992 a 236 200 en 2021. Malgrat aquesta cont\u00ednua expansi\u00f3, els assentaments s\u00f3n il\u00b7legals segons art. 49 de la IV Convenci\u00f3 de Ginebra de 1949 i la Resoluci\u00f3 del CSNU 2234 de 2016, com ve monitorant i denunciant tamb\u00e9 la UE.<\/li>\n<\/ol>\n<p>La cont\u00ednua ocupaci\u00f3 de territori palest\u00ed per Israel fa que la terra a la disposici\u00f3 del futur Estat palest\u00ed sigui cada vegada menor.<\/p>\n<p><img loading=\"lazy\" decoding=\"async\" class=\"wp-image-13428 aligncenter\" src=\"https:\/\/mongonzalez.es\/wp-content\/uploads\/2023\/11\/Israel-y-palestina-prueba-2-2-1536x952-1-300x186.jpg\" alt=\"\" width=\"666\" height=\"413\" srcset=\"https:\/\/mongonzalez.es\/wp-content\/uploads\/2023\/11\/Israel-y-palestina-prueba-2-2-1536x952-1-300x186.jpg 300w, https:\/\/mongonzalez.es\/wp-content\/uploads\/2023\/11\/Israel-y-palestina-prueba-2-2-1536x952-1-1024x635.jpg 1024w, https:\/\/mongonzalez.es\/wp-content\/uploads\/2023\/11\/Israel-y-palestina-prueba-2-2-1536x952-1-768x476.jpg 768w, https:\/\/mongonzalez.es\/wp-content\/uploads\/2023\/11\/Israel-y-palestina-prueba-2-2-1536x952-1-1116x692.jpg 1116w, https:\/\/mongonzalez.es\/wp-content\/uploads\/2023\/11\/Israel-y-palestina-prueba-2-2-1536x952-1-806x500.jpg 806w, https:\/\/mongonzalez.es\/wp-content\/uploads\/2023\/11\/Israel-y-palestina-prueba-2-2-1536x952-1-558x346.jpg 558w, https:\/\/mongonzalez.es\/wp-content\/uploads\/2023\/11\/Israel-y-palestina-prueba-2-2-1536x952-1-655x406.jpg 655w, https:\/\/mongonzalez.es\/wp-content\/uploads\/2023\/11\/Israel-y-palestina-prueba-2-2-1536x952-1.jpg 1536w\" sizes=\"(max-width: 666px) 100vw, 666px\" \/><\/p>\n<p style=\"text-align: center;\">Font: <a href=\"https:\/\/www.newtral.es\/territorio-israel-palestina\/20231010\/\">https:\/\/www.newtral.es\/territorio-israel-palestina\/20231010\/<\/a><\/p>\n<h2><span class=\"ez-toc-section\" id=\"72_poblacio\"><\/span><strong>7.2. Poblaci\u00f3<\/strong><span class=\"ez-toc-section-end\"><\/span><\/h2>\n<p>En termes de poblaci\u00f3 caldria destacar:<\/p>\n<ol>\n<li><strong>Increment exponencial de la poblaci\u00f3 jueva<\/strong> que ha passat de 9 817 en 1881 a 6 982 000 en 2021. Aquest fort increment poblacional jueu s&#8217;ha degut a dues raons: <strong>(a)<\/strong> d&#8217;una banda, a les <strong>onades migrat\u00f2ries<\/strong> que va encoratjar el sionisme pol\u00edtic i que el Regne Unit va esperonar des de la seva ocupaci\u00f3 de Palestina en 1917; i, <strong>(b)<\/strong> d&#8217;altra banda, a les elevades taxes de natalitat de les dones jueves ultraortodoxas (<strong>hared\u00edes<\/strong>) que ronda el 4%, i que fa que la poblaci\u00f3 hared\u00ed d&#8217;Israel fora de 750 000 en 2009, d&#8217;1 280 000 en 2022 i s&#8217;estimi en amb dos milions en 2033.<\/li>\n<li>La <strong>poblaci\u00f3 \u00e0rab palestina<\/strong>, que en el Cens brit\u00e0nic de Palestina de 1922 era de 657 560 persones, un 86,84% del total, ascendeix en l&#8217;actualitat a 7 478 450, que viuen en Palestina i a Israel.<\/li>\n<li>De cara a qualsevol acord de pau definitiu \u00e9s fonamental tenir present a la poblaci\u00f3 palestina expulsada abans (250 000) i durant (750 000) 1948, i en 1967 (350 000) i els seus descendents, poblaci\u00f3 que UNRWA (Ag\u00e8ncia de Nacions Unides per als Refugiats Palestins a Orient Pr\u00f2xim) calcula en <strong>5,9 milions de persones refugiades<\/strong>.<\/li>\n<li>El conflicte ha tingut un <strong>molt elevat cost en vides humanes<\/strong>, sobretot per a la poblaci\u00f3 palestina. Segons els meus c\u00e0lculs<sup><a href=\"#footnote_17_17450\" id=\"identifier_17_17450\" class=\"footnote-link footnote-identifier-link\" title=\"No hi ha cap estad&iacute;stica que jo conegui que reculli el nombre total d&rsquo;&agrave;rabs-palestins i jueus-israelians que han mort en el conflicte israelopalest&iacute;. Amb la suma aritm&egrave;tica de les xifres ofertes en aquesta &ldquo;Breu Cronologia&rdquo; (trobant la mitjana aritm&egrave;tica all&agrave; on s&rsquo;oferia una forqueta), s&rsquo;obt&eacute; que, com a m&iacute;nim, 68 666 &agrave;rabs-palestins i 10 829 jueus-israelians han perdut la vida per aquest conflicte des de 1900 fins a 1999. Totes aquestes xifres han estat extretes de les corresponents p&agrave;gines d&rsquo;internet i\/o llibres les refer&egrave;ncies dels quals es troben totes com a notes a peu de p&agrave;gina en el pdf que acompanya a aquesta entrada de la web en castell&agrave;. Per part seva, si se sumen aquestes r&uacute;briques als quals facilita la ong B&rsquo;tselem, entre 2000 i setembre de 2023, la suma de totes dues r&uacute;briques donaria la xifra total de morts entre 1900 i setembre de 2023 de 79 338 &agrave;rabs-palestins i 12 159 jueus-israelians.\">&nbsp;17<\/a><\/sup> <span style=\"color: #ff0000;\"><strong>han mort<\/strong><\/span> 79 338 \u00e0rabs-palestins i 12 159 jueus-israelians entre l&#8217;inici del conflicte a principis del segle XX i setembre de 2023, en total <span style=\"color: #ff0000;\"><strong>91 497 \u00e9ssers humans<\/strong><\/span>.<\/li>\n<\/ol>\n<h2><span class=\"ez-toc-section\" id=\"73_ideologia_sionisme\"><\/span><strong>7.3. Ideologia: Sionisme<\/strong><span class=\"ez-toc-section-end\"><\/span><\/h2>\n<p>La ideologia que ha guiat tant la creaci\u00f3 com el desenvolupament d&#8217;Israel ha estat el <strong>sionisme<\/strong>. El sionisme ha buscat des del principi, com ja avisava Churchill en el seu Llibre blanc de 1922, la creaci\u00f3 de l&#8217;Estat jueu en tot el territori de la Palestina hist\u00f2rica, \u00e9s a dir, el <strong>Gran Israel<\/strong> (Greater Israel), la qual cosa jo anomeno el \u201cobjectiu final del sionisme\u201d.<\/p>\n<p>Per a articular aquest objectiu, incompatible amb un Estat palest\u00ed, el sionisme, tant laic com religi\u00f3s, ha <strong>recorregut a la viol\u00e8ncia<\/strong> per a fer <strong>fracassar<\/strong> les successives <strong>estrat\u00e8gies<\/strong> pol\u00edtiques en relaci\u00f3 amb <strong>l&#8217;estatalitat<\/strong> compartida:<\/p>\n<ol>\n<li>Estrat\u00e8gia d<strong>&#8216;estat binacional<\/strong> que va propugnar Regne Unit en 1939 amb el Pla MacDonald, a la qual el sionisme laic es va oposar des del principi i que va portar al sionisme a rec\u00f3rrer al terrorisme per a expulsar als brit\u00e0nics d&#8217;aqu\u00ed (magnicidi de Guiness en 1944 i atemptat de l&#8217;Hotel Rei David en 1946).<\/li>\n<li>Estrat\u00e8gia de la ONU per a la <strong>internacionalitzaci\u00f3 de Jerusalem<\/strong> va provocar un nou magnicidi per part dels sionistes laics, el del primer mediador en la hist\u00f2ria de NNUU, el suec Bernadotte, en 1948, l&#8217;endem\u00e0 de presentar el seu Pla que inclo\u00efa un estatus especial per a Jerusalem.<\/li>\n<li>Estrat\u00e8gia de dos Estats (Acords d&#8217;Oslo de 1993 i de Taba de 1995) va ser frenada per un nou magnicidi sionista, aquesta vegada religi\u00f3s, en 1995, el del primer ministre israeli\u00e0, Isaac Rabin, que els havia signat.<\/li>\n<\/ol>\n<p>Aix\u00ed mateix, el sionisme ha aconseguit articular una <strong>pol\u00edtica d&#8217;impunitat<\/strong> envers Israel, qui en el binomi ocupant-ocupat ostenta la posici\u00f3 de for\u00e7a tant pol\u00edtica, com a econ\u00f2mica, militar i informativa, i que s&#8217;ha recolzat en elements com:<\/p>\n<ol>\n<li><strong>Incompliment<\/strong> sistem\u00e0tic de la <strong>legislaci\u00f3 internacional<\/strong> emanada de Nacions Unides que commina a Israel a posar fi a l&#8217;ocupaci\u00f3, desmantellar el mur, frenar els assentaments o respectar els drets humans de la poblaci\u00f3 palestina per al que ha comptat amb la sobreprotecci\u00f3 pol\u00edtic-militar incondicional dels EUA i el seu suport econ\u00f2mic (77.000 milions de d\u00f2lars entre 1948 i 1992, i entre 3 i 4 mil anuals des de llavors, \u00e9s a dir, uns 180 mil milions de d\u00f2lars).<\/li>\n<li>Un <strong>aprofitament<\/strong> interessat del tremend <strong>efecte que l&#8217;Holocaust<\/strong> va tenir en la consci\u00e8ncia col\u00b7lectiva d&#8217;Occident per a paralitzar una part important d&#8217;actors internacionals, incl\u00f2s en el si de la UE.<\/li>\n<li>La <strong>confusi\u00f3 intencionada de les cr\u00edtiques<\/strong> a la ra\u00e7a jueva (conegut com a <strong>antisemitisme<\/strong> i equivalent a una mena de racisme que est\u00e0 penat en la majoria de les legislacions nacionals) <strong>amb<\/strong> les cr\u00edtiques al sionisme (conegut com <strong>antisionisme<\/strong>\u00a0i equivalent a una cr\u00edtica a una ideologia pol\u00edtica i per tant perm\u00e8s en la majoria de les legislacions nacionals). I sobre aquesta base aconseguir desprestigiar, arraconar i, finalment, <strong>fer callar<\/strong> qualsevol cr\u00edtica. Criticar la conculcaci\u00f3 per part d&#8217;Israel dels drets humans o la seva falta de voluntat de contribuir a crear un Estat palest\u00ed sobir\u00e0 i viable no \u00e9s anitsemitismo, \u00e9s antisionismo, i \u00e9s leg\u00edtim. Hi ha molts jueus que s\u00f3n cr\u00edtics amb el sionisme, jueus que \u00f2bviament no s\u00f3n antisemites.<\/li>\n<li>Un <strong>h\u00e0bil maneig del concepte terrorista<\/strong> per a penjar-l&#8217;hi a la poblaci\u00f3 ocupada i els seus dirigents, fent oblidar intencionadament que la causa palestina \u00e9s una causa de descolonitzaci\u00f3 pendent segons la \u201cQuarta Comissi\u00f3: Comissi\u00f3 de Pol\u00edtica Especial i de Descolonitzaci\u00f3\u201d que segueix la q\u00fcesti\u00f3 palestina; i que la resoluci\u00f3 de la AGNU 37\/43 de 3 de desembre de 1982 al punt 2 reafirma \u201cla legitimitat de la lluita dels pobles per la independ\u00e8ncia i\u2026 l&#8217;alliberament\u2026 de l&#8217;ocupaci\u00f3\u2026 per tots els mitjans al seu abast, inclosa la lluita armada\u201d.<\/li>\n<li>Un <strong>encara m\u00e9s h\u00e0bil maneig dels lobis<\/strong> o grups de pressi\u00f3 sionistes en el m\u00f3n, com el poderos\u00edssim AIPAC estatunidenc; i, a trav\u00e9s d&#8217;aquests lobis, una h\u00e0bil <strong>estrat\u00e8gia de posicionament en les c\u00fapules de poder<\/strong> tant a nivell nacional com internacional, tant pol\u00edtiques, com a econ\u00f2miques, financeres i medi\u00e0tiques. En concret, i a tall d&#8217;exemple, als <strong>EUA, malgrat que els jueus s\u00f3n nom\u00e9s el 2% de la poblaci\u00f3<\/strong>, l&#8217;administraci\u00f3 del president Biden t\u0435nia jueus en molts dels seus llocs clau com el secretari d&#8217;Estat (Blinken), la secret\u00e0ria del Tresor (Yellen), el secretari d&#8217;Interior (Mayorkas), el fiscal general (Garland), la directora d&#8217;Intel\u00b7lig\u00e8ncia Nacional (Haines), el cap de Gabinet de la Casa Blanca (Klain) o el director Adjunt de l&#8217;Ag\u00e8ncia Central d&#8217;Intel\u00b7lig\u00e8ncia (Cohen).<\/li>\n<\/ol>\n<p>Per part seva, l&#8217;<strong>administraci\u00f3 de Trump <a href=\"https:\/\/www.jewishvirtuallibrary.org\/jews-in-the-trump-administration-2025-2029\">tamb\u00e9 compta amb nombrosos jueus en les seves files<\/a><\/strong>, tant en les seves secretaries, com a la Casa Blanca o el Consell Nacional de Seguretat, la NASA i les seves Ambaixades pel m\u00f3n. A m\u00e9s, el gendre de Trump, *Jared *Kushner, continua exercint les seves influ\u00e8ncies prosionistes i dirigint q\u00fcestions de summa import\u00e0ncia com el \u201cPla de Trump sobre la Pau a Gaza\u201d de 29\/09\/2025.<\/p>\n<b>Notas a pie de p\u00e1gina<b><ol class=\"footnotes\"><li id=\"footnote_1_17450\" class=\"footnote\">El concepte <b>sem\u00edtico <\/b>era, a l&#8217;origen, un <b><a href=\"https:\/\/ca.wikipedia.org\/wiki\/Lleng%C3%BCes_sem%C3%ADtiques\">concepte ling\u00fc\u00edstic<\/a><\/b> referit a unes lleng\u00fces que tenien un origen com\u00fa (hebreu, \u00e0rab, arameu, etc). En el segle XIX aquest concepte va passar a tenir una <b><a href=\"https:\/\/ca.wikipedia.org\/wiki\/Semites\">accepci\u00f3 racial<\/a><\/b> i a ser identificat amb la ra\u00e7a jueva. Per aquest motiu el terme antisemita s&#8217;apliqui avui dia al fet d&#8217;estar en contra dels jueus, encara que, sense embuts, seria estar en contra de qualsevol semita, inclosos els \u00e0rabs.<span class=\"footnote-back-link-wrapper\">[<a href=\"#identifier_1_17450\" class=\"footnote-link footnote-back-link\">&#8617;<\/a>]<\/span><\/li><li id=\"footnote_2_17450\" class=\"footnote\">Els jueus van ser expulsats de la pen\u00ednsula ib\u00e8rica (zona que en hebreu es deia \u201cSefarad\u201d) en, consecutivament, 1492 de Castella i Arag\u00f3, 1496 de Portugal i 1498 de Navarra.\u00a0 Aquests jueus expulsats de la pen\u00ednsula ib\u00e8rica van rebre posteriorment el nom de sefardites; continuen parlant lad\u00ed (una variant del castell\u00e0 antic); i en 2015 les Corts Generals espanyoles van aprovar una llei per la qual es reconeixia com a espanyols als descendents directes dels jueus sefardites expulsats entre 1492 i 1498. Els jueus que no van ser expulsats, van ser for\u00e7ats a convertir al cristianisme.<\/p>\n<p>No obstant aix\u00f2, no van ser els jueus els \u00fanics, tamb\u00e9 els musulmans van ser expulsats de la pen\u00ednsula ib\u00e8rica cristiana. Aix\u00ed, en 1502 es va ordenar l&#8217;expulsi\u00f3 de Castella de tots els musulmans adults i en 1527 es va for\u00e7ar la conversi\u00f3 de tots els musulmans d&#8217;Arag\u00f3 (moment des del qual l&#8217;Islam deixa d&#8217;existir oficialment en la nounada Espanya), per\u00f2, com no era suficient per a erradicar l&#8217;Islam, en 1609 el llavors rei d&#8217;Espanya i Portugal, Felip III, va expulsar a 300.000 moriscos (musulmans batejats per for\u00e7a al catolicisme, per\u00f2 que continuaven practicant l&#8217;Islam). Encara no hi ha hagut cap llei ni a Espanya ni a Portugal que reconegui com a espanyols i\/o portuguesos als descendents directes dels musulmans i\/o dels moriscos expulsats entre 1502 i 1609. Pot ser degut aix\u00f2 a una menor capacitat de pressi\u00f3 del lobi muslm\u00e1n enfront del lobi jueu, entenent per lobi (de l&#8217;angl\u00e8s lobby) \u201cgrup o organitzaci\u00f3 dedicats a influir en els pol\u00edtics o els poders p\u00fablics en favor de determinats interessos\u201d? Pot ser\u2026<span class=\"footnote-back-link-wrapper\">[<a href=\"#identifier_2_17450\" class=\"footnote-link footnote-back-link\">&#8617;<\/a>]<\/span><\/li><li id=\"footnote_3_17450\" class=\"footnote\"><strong>Fonts<\/strong>:<\/p>\n<p><strong>(1)<\/strong> El <strong>cens otom\u00e0 de 1881-1882<\/strong> recollia, en els tres districtes que en aquest moment configuraven la Palestina hist\u00f2rica (Akka, Belka i Kudus), una poblaci\u00f3 total de 425 966 habitants, dels quals \u00e0rabs palestins serien 413 729 (371 969 musulmans i 41 760 cristians) i 9 817 jueus segons la informaci\u00f3 disponible en el llibre de Kemal Kerpat \u201c<a href=\"https:\/\/archive.org\/details\/kupdf.net_kemal-karpat-ottoman-population-1830-1914-demographic-and-social-characteristics\" target=\"_blank\" rel=\"noopener\">Ottoman population 1830-1914 demographic and social caracteristics<\/a>\u201d, University of Wisconsin Press, 1985 . He elaborat una taula amb les correspond\u00e8ncies entre aquests tres districtes otomans i els actuals Palestina i Israel: <a href=\"https:\/\/mongonzalez.es\/wp-content\/uploads\/2024\/05\/Maps-que-complementin-el-cens-otoma-1881.pdf\">Maps que complementin el cens otom\u00e1 1881<\/a>. Aix\u00ed mateix, he extret del llibre de Kerpat totes les dades relatives a la poblaci\u00f3 en la Palestina hist\u00f2rica en 1881 distribu\u00efda per religions i el pots descarregar aqu\u00ed: <a href=\"https:\/\/mongonzalez.es\/wp-content\/uploads\/2024\/05\/Cens-general-otoma-1881.pdf\">Cens general otom\u00e1 1881<\/a>.<\/p>\n<p>(2) Per al <strong>cens brit\u00e0nic de 1922<\/strong>, veure:\u00a0 <a href=\"https:\/\/ia804709.us.archive.org\/3\/items\/palestinecensus1922\/palestine%20Census%20(1922).pdf\" target=\"_blank\" rel=\"noopener\">https:\/\/ia804709.us.archive.org\/3\/items\/palestinecensus1922\/palestine%20Census%20(1922).pdf<\/a>. En concret en Taules fonamentals, la I i la XXI (p\u00e1gs. 8 i 59) del propi Cens les pots consultar aqu\u00ed, encara que aquest original nom\u00e9s est\u00e0 disponible en angl\u00e8s: <a href=\"https:\/\/mongonzalez.es\/wp-content\/uploads\/2024\/05\/1922-Palestine-British-Census-pags-1-8-59.pdf\">1922 Palestine British Census pags 1-8 &amp; 59<\/a>.<\/p>\n<p>(3) Les \u201c<strong>estad\u00edstiques dels pobles\u201d brit\u00e0niques de 1945<\/strong> [descargables en: <a href=\"https:\/\/users.cecs.anu.edu.au\/~bdm\/yabber\/census\/VillageStatistics1945orig.pdf]\" target=\"_blank\" rel=\"noopener\">https:\/\/users.cecs.anu.edu.au\/~bdm\/yabber\/census\/VillageStatistics1945orig.pdf]<\/a> recullen, en la seva primera p\u00e0gina, les dades de poblaci\u00f3 (per a facilitar la seva lectura pots punxar aquest arxiu simplificat que nom\u00e9s est\u00e0 disponible en angl\u00e8s:<a href=\"https:\/\/mongonzalez.es\/wp-content\/uploads\/2024\/05\/1945-Village-Statistics-original-1-3.pdf\">1945 Village Statistics original-1-3<\/a>; i en en aquestes estad\u00edstiques els brit\u00e0nics tamb\u00e9 constaten que en 1945 la poblaci\u00f3 jueva nom\u00e9s era propiet\u00e0ria del 6% de la terra palestina.<\/p>\n<p>En qualsevol cas, com els par\u00e0metres no s\u00f3n exactament els mateixos en els tres documents la comparaci\u00f3 ha de #fer amb cautela, per exemple en: (1) es parla de jueus, musulmans, cristians, llatins, protestants, etc, \u00e9s a dir, religions; en (2) es parla de les diferents religions en la Taula I i de les lleng\u00fces, sent la majorit\u00e0ria l&#8217;\u00e0rab, en la Taula XXI; i en (3) de jueus i \u00e0rabs, \u00e9s a dir, barreja religi\u00f3 amb ra\u00e7a.<span class=\"footnote-back-link-wrapper\">[<a href=\"#identifier_3_17450\" class=\"footnote-link footnote-back-link\">&#8617;<\/a>]<\/span><\/li><li id=\"footnote_4_17450\" class=\"footnote\">El jueu Arthur Ginsberg, que el seu pseud\u00f2nim era Ahad Ha\u2019am, va escriure en 1891, despr\u00e9s de la seva primera visita a la Palestina hist\u00f2rica: \u201cTenim el costum de creure\u2026 que all\u00ed la terra \u00e9s ara completament des\u00e8rtica, \u00e0rida i incultivada\u2026 per\u00f2 la veritat \u00e9s molt altra. En tot el pa\u00eds \u00e9s dif\u00edcil trobar camps cultivables que no estiguin ja conreats.\u201d <a href=\"https:\/\/www.jewishvirtuallibrary.org\/ahad-ha-rsquo-am\" target=\"_blank\" rel=\"noopener\">https:\/\/www.jewishvirtuallibrary.org\/ahad-ha-rsquo-am<\/a><span class=\"footnote-back-link-wrapper\">[<a href=\"#identifier_4_17450\" class=\"footnote-link footnote-back-link\">&#8617;<\/a>]<\/span><\/li><li id=\"footnote_5_17450\" class=\"footnote\">Resulta molt complicat obtenir dades agregades fidedignes de les morts \u00e0rabs i jueus durant el Mandat brit\u00e0nic. Veure la p\u00e0gina 26 del llibre de Dominique Vidal,\u00a0\u00ab\u00a0Antisionisme=Antis\u00e9mitisme? R\u00e9ponse \u00e0 Emmanuel Macron\u00a0\u00bb, Libertalia, 2018 i la <a href=\"https:\/\/en.wikipedia.org\/wiki\/List_of_killings_and_massacres_in_Mandatory_Palestine#cite_ref-RAABIC_1-19\">p\u00e0gina de Wikipedia que contenen llistats parcials<\/a>.<span class=\"footnote-back-link-wrapper\">[<a href=\"#identifier_5_17450\" class=\"footnote-link footnote-back-link\">&#8617;<\/a>]<\/span><\/li><li id=\"footnote_6_17450\" class=\"footnote\"><a href=\"https:\/\/www.un.org\/unispal\/document\/auto-insert-196917\/\" target=\"_blank\" rel=\"noopener\">https:\/\/www.un.org\/unispal\/document\/auto-insert-196917\/<\/a> Dins d&#8217;aquest enlla\u00e7 cal anar al document n\u00ba5 i concretament al seu annex (enclosure in n\u00ba5), al seu segon par\u00e0graf, sisena frase.<span class=\"footnote-back-link-wrapper\">[<a href=\"#identifier_6_17450\" class=\"footnote-link footnote-back-link\">&#8617;<\/a>]<\/span><\/li><li id=\"footnote_7_17450\" class=\"footnote\">En la web del Museu de l&#8217;Holocaust d&#8217;Israel s&#8217;afirma que, despr\u00e9s del Llibre blanc de 1939, \u201cels sionistes es van veure confrontats amb una situaci\u00f3 que exigia noves decisions\u2026 els sionistes van haver de recon\u00e8ixer que l&#8217;alternativa cap a un estat en Palestina -l&#8217;opci\u00f3 activa, fins i tot violenta- els havia estat imposada\u2026 Ara, despr\u00e9s de maig de 1939, la \u201copci\u00f3 revolucion\u00e0ria\u201d esmentada per Chaim Arlosoroff en 1932 estava a m\u00e0\u2026Durant el 21a Congr\u00e9s Sionista (Ginebra, agost 1939)\u2026<strong>David Ben-Gurion<\/strong>, President de l&#8217;Ag\u00e8ncia Jueva va proclamar: \u201cEl \u201cLlibre blanc\u201d ha creat un buit en el Mandat. Per a nosaltres, el \u201cLlibre blanc\u201d no existeix sota cap forma, sota cap condici\u00f3 i sota cap interpretaci\u00f3\u2026 i dep\u00e8n de nosaltres omplir aquest buit, nosaltres sols\u2026 <strong>Nosaltres sols haurem d&#8217;actuar com si f\u00f3ssim l&#8217;Estat en Palestina<\/strong>; i haurem d&#8217;actuar aix\u00ed fins que ho siguem i de manera que arribem a ser l&#8217;Estat en Palestina\u201d.<a href=\"https:\/\/www.yadvashem.org\/articles\/academic\/holocaust-factor-birth.html\" target=\"_blank\" rel=\"noopener\"> https:\/\/www.yadvashem.org\/articles\/academic\/holocaust-factor-birth.html<\/a><span class=\"footnote-back-link-wrapper\">[<a href=\"#identifier_7_17450\" class=\"footnote-link footnote-back-link\">&#8617;<\/a>]<\/span><\/li><li id=\"footnote_8_17450\" class=\"footnote\">Veure el llibre &#8220;El proceso de paz en Palestina&#8221; (\u201cEl proc\u00e9s de pau en Palestina\u201d) del catedr\u00e0tic de dret internacional p\u00fablic de la Universitat Aut\u00f2noma de Madrid (UAM), Alfonso Iglesias Velasco (edicions UAM, 2000, p\u00e0g. 36-37). Per a una an\u00e0lisi m\u00e9s detallada d&#8217;aquesta q\u00fcesti\u00f3 veure un altre document d&#8217;aquesta secci\u00f3 de la web titulat: \u201cProposta de Soluci\u00f3 al Conflicte entre Israel i Palestina\u201d.<span class=\"footnote-back-link-wrapper\">[<a href=\"#identifier_8_17450\" class=\"footnote-link footnote-back-link\">&#8617;<\/a>]<\/span><\/li><li id=\"footnote_9_17450\" class=\"footnote\">Aquestes dues p\u00e0gines web, a les que pots accedir a trav\u00e9s dels hipervincles, recullen, respectivament, totes les <a href=\"https:\/\/ca.wikipedia.org\/wiki\/Conflicte_arabo-israeli%C3%A0\">guerres \u00e0rab-israelianes<\/a> i <a href=\"https:\/\/es.wikipedia.org\/wiki\/Conflicto_israel%C3%AD-palestino\">israelopalestines<\/a> des de 1948 fins a l&#8217;actualitat.<span class=\"footnote-back-link-wrapper\">[<a href=\"#identifier_9_17450\" class=\"footnote-link footnote-back-link\">&#8617;<\/a>]<\/span><\/li><li id=\"footnote_10_17450\" class=\"footnote\">Entre aquests historiadors i les seves obres, es pot destacar: <strong>Ilan Papp\u00e9<\/strong> amb \u201c<a href=\"https:\/\/yplus.ps\/wp-content\/uploads\/2021\/01\/pappe-ilan-the-ethnic-cleansing-of-palestine.pdf\" target=\"_blank\" rel=\"noopener\">The Ethnic Celansing of Palestine<\/a>\u201d, Oxford Oneworld, 2006\u00a0 i\u00a0 <strong>Benny Morris<\/strong> amb \u201c<a href=\"http:\/\/larryjhs.fastmail.fm.user.fm\/the%20Birth%20of%20the%20Palestinian%20Refugee%20Problem%20Revisited.pdf\" target=\"_blank\" rel=\"noopener\">The Birth of Palestinian Refugee Problem Revisited<\/a>\u201d, Cambbridge University Press, 2004. En la seg\u00fcent p\u00e0gina es recull un mapa interactiu amb els poblats i llogarets dels quals va ser expulsada la poblaci\u00f3 palestina durant la Nakba: <a href=\"https:\/\/en.wikipedia.org\/wiki\/list_of_towns_and_villages_depopulated_during_the_1947%E2%80%931949_Palestine_war\" target=\"_blank\" rel=\"noopener\">https:\/\/en.wikipedia.org\/wiki\/list_of_towns_and_villages_depopulated_during_the_1947%E2%80%931949_Palestine_war<\/a>. Tamb\u00e9 es poden visitar webs com: <a href=\"https:\/\/www.zochrot.org\/articles\/view\/56528\/en?ireturn\" target=\"_blank\" rel=\"noopener\">https:\/\/www.zochrot.org\/articles\/view\/56528\/en?ireturn<\/a>; <a href=\"https:\/\/www.palestineremembered.com\/index.html\" target=\"_blank\" rel=\"noopener\">https:\/\/www.palestineremembered.com\/index.html<\/a><span class=\"footnote-back-link-wrapper\">[<a href=\"#identifier_10_17450\" class=\"footnote-link footnote-back-link\">&#8617;<\/a>]<\/span><\/li><li id=\"footnote_11_17450\" class=\"footnote\"><strong>Ein breira:<\/strong> Principi jueu de \u201cno exist\u00e8ncia d&#8217;alternativa\u201d. Aquest principi, que era la base del relat sionista sobre la participaci\u00f3 d&#8217;Israel en les successives guerres, es va trencar en 1982 quan el primer ministre israeli\u00e0 Menachem Begin va donar una xerrada en l&#8217;Acad\u00e8mia Militar sobre guerres d&#8217;elecci\u00f3 i guerres de no elecci\u00f3 i va argumentar que tant la Guerra del Sina\u00ed de 1956 com la Guerra a L\u00edban en 1982 havien estat guerres d&#8217;elecci\u00f3 dissenyades per a aconseguir objectius nacionals. <a href=\"https:\/\/www.gov.il\/en\/pages\/55-address-by-pm-begin-at-the-national-defense-college-8-august-1982\" target=\"_blank\" rel=\"noopener\">https:\/\/www.gov.il\/en\/pages\/55-address-by-pm-begin-at-the-national-defense-college-8-august-1982<\/a><span class=\"footnote-back-link-wrapper\">[<a href=\"#identifier_11_17450\" class=\"footnote-link footnote-back-link\">&#8617;<\/a>]<\/span><\/li><li id=\"footnote_12_17450\" class=\"footnote\">Sobre l&#8217;an\u00e0lisi que fa l&#8217;historiador israeli\u00e0 <strong>Avi Shla\u00efm<\/strong> sobre Shamir i sobre com i per qu\u00e8 els EUA va deixar de ser un mediador honest vegeu el cap\u00edtol 7 del seu llibre \u201cWar and Peace\u201d de 1995. Es pot llegir el llibre en angl\u00e8s en: <a href=\"https:\/\/archive.org\/details\/warpeaceinmiddle0000shla\/mode\/1up\" target=\"_blank\" rel=\"noopener\">https:\/\/archive.org\/details\/warpeaceinmiddle0000shla\/mode\/1up<\/a>. Per a m\u00e9s informaci\u00f3 sobre els Acords d&#8217;Oslo, veure: <a href=\"https:\/\/ca.wikipedia.org\/wiki\/Acords_d%27Oslo\" target=\"_blank\" rel=\"noopener\">https:\/\/ca.wikipedia.org\/wiki\/Acords_d%27Oslo<\/a> . Per a una an\u00e0lisi m\u00e9s detallada tant d&#8217;aquesta confer\u00e8ncia de pau com de tot l&#8217;entramat d&#8217;acords que van seguir a la mateixa veure un altre document d&#8217;aquesta secci\u00f3 de la web titulat: \u201cProposta de Soluci\u00f3 al Conflicte entre Israel i Palestina\u201d.<span class=\"footnote-back-link-wrapper\">[<a href=\"#identifier_12_17450\" class=\"footnote-link footnote-back-link\">&#8617;<\/a>]<\/span><\/li><li id=\"footnote_13_17450\" class=\"footnote\">Quan no existia internet, la informaci\u00f3 calia verificar-la en diferents anuaris internacionals. Un d&#8217;ells i potser el m\u00e9s fam\u00f3s era el \u201cKeesing\u2019s R\u00e8cord of World Events\u201d o anomenat tamb\u00e9 simplement \u201cKeesing\u201d. Doncs b\u00e9, en el seu volum 41, n\u00famero 7\/8, de 25\/09\/1995, p\u00e0g. 40704, es troba l&#8217;afirmaci\u00f3 que s&#8217;acaba de replicar. S&#8217;adjunta a continuaci\u00f3 aquest document i cal anar a la tercera p\u00e0gina d&#8217;aquest pdf i veure el ressaltat en groc:<a href=\"https:\/\/mongonzalez.es\/wp-content\/uploads\/2024\/05\/1995-Paginas-del-Keesings-Recorld-of-World-Events.pdf\">1995 P\u00e1ginas del Keesing&#8217;s Recorld of World Events<\/a>.<span class=\"footnote-back-link-wrapper\">[<a href=\"#identifier_13_17450\" class=\"footnote-link footnote-back-link\">&#8617;<\/a>]<\/span><\/li><li id=\"footnote_14_17450\" class=\"footnote\">\u201cReligious Zionism and the Rabin Assassination.\u201d Tradition: A Journal of Orthodox Jewish Thought, vol. 48, no. 4, 2015, p\u00e0g. 12\u201317. JSTOR, <a href=\"http:\/\/www.jstor.org\/stable\/44821371\" target=\"_blank\" rel=\"noopener\">http:\/\/www.jstor.org\/stable\/44821371<\/a>. Aqu\u00ed s&#8217;explica que Rabin va ser assassinat perqu\u00e8 el seu assass\u00ed, Yigal Amir, ho considerava un <strong>rodef<\/strong>, un perseguidor que posava en perill vides jueves, d&#8217;acord amb la \u201cdin rodef\u201d jueva o \u201cllei del perseguidor\u201d jueva que va enunciar Maim\u00f3nides i que obliga a salvar a qualsevol persona perseguida del seu perseguidor, encara que impliqui matar a aquest. Mateix principi que Israel aplica als seus assassinats selectius dins i fora de les fronteres d&#8217;Israel, assassinats que s\u00f3n il\u00b7legals d&#8217;acord amb el dret internacional.<span class=\"footnote-back-link-wrapper\">[<a href=\"#identifier_14_17450\" class=\"footnote-link footnote-back-link\">&#8617;<\/a>]<\/span><\/li><li id=\"footnote_15_17450\" class=\"footnote\">L&#8217;opini\u00f3 consultiva de la <strong>CIJ<\/strong>, nom\u00e9s disponible en angl\u00e8s i en franc\u00e8s, es pot trobar en la web de la CIJ:<a href=\"https:\/\/www.icj-cij.org\/case\/131\" target=\"_blank\" rel=\"noopener\"> https:\/\/www.icj-cij.org\/case\/131<\/a>, punxant en la columna de la dreta en \u201cAdvisory opini\u00f3\u201d, l&#8217;essencial es troba en par\u00e0graf 163; i en castell\u00e0 es pot accedir a trav\u00e9s de la resoluci\u00f3 \u00c9S-10\/273 que va emetre la AGNU el 13\/07\/2004: <a href=\"https:\/\/undocs.org\/es\/a\/es-10\/273\" target=\"_blank\" rel=\"noopener\">https:\/\/undocs.org\/es\/a\/es-10\/273<\/a>, par. 163 (p\u00e1gs. 59-61).<span class=\"footnote-back-link-wrapper\">[<a href=\"#identifier_15_17450\" class=\"footnote-link footnote-back-link\">&#8617;<\/a>]<\/span><\/li><li id=\"footnote_16_17450\" class=\"footnote\">Hi ha infinitat de documents de NNUU i, concretament del seu Alt Comissionat per als Drets Humans, ACNUDH (OHCHR en les seves sigles angleses) que aborden aquesta q\u00fcesti\u00f3; com a \u201cbot\u00f3 de mostra\u201d es poden consultar: <a href=\"https:\/\/www.ohchr.org\/en\/special-procedures\/sr-palestine\" target=\"_blank\" rel=\"noopener\">https:\/\/www.ohchr.org\/en\/special-procedures\/sr-palestine<\/a>; <a href=\"https:\/\/undocs.org\/en\/a\/73\/447\" target=\"_blank\" rel=\"noopener\">https:\/\/undocs.org\/en\/a\/73\/447<\/a>; <a href=\"https:\/\/undocs.org\/es\/a\/77\/356\" target=\"_blank\" rel=\"noopener\">https:\/\/undocs.org\/es\/a\/77\/356<\/a>. La q\u00fcesti\u00f3 de la conculcaci\u00f3 per part d&#8217;Israel dels drets humans de la poblaci\u00f3 palestina s&#8217;analitzar\u00e0 m\u00e9s en profunditat en un altre document d&#8217;aquesta secci\u00f3 de la web titulat: \u201cProposta de Soluci\u00f3 al Conflicte entre Israel i Palestina\u201d.<span class=\"footnote-back-link-wrapper\">[<a href=\"#identifier_16_17450\" class=\"footnote-link footnote-back-link\">&#8617;<\/a>]<\/span><\/li><li id=\"footnote_17_17450\" class=\"footnote\">No hi ha cap estad\u00edstica que jo conegui que reculli el nombre total d&#8217;\u00e0rabs-palestins i jueus-israelians que han mort en el conflicte israelopalest\u00ed. Amb la suma aritm\u00e8tica de les xifres ofertes en aquesta \u201cBreu Cronologia\u201d (trobant la mitjana aritm\u00e8tica all\u00e0 on s&#8217;oferia una forqueta), s&#8217;obt\u00e9 que, com a m\u00ednim, 68 666 \u00e0rabs-palestins i 10 829 jueus-israelians han perdut la vida per aquest conflicte des de 1900 fins a 1999. Totes aquestes xifres han estat extretes de les corresponents p\u00e0gines d&#8217;internet i\/o llibres les refer\u00e8ncies dels quals es troben totes com a notes a peu de p\u00e0gina en el pdf que acompanya a aquesta entrada de la web en castell\u00e0. Per part seva, si se sumen aquestes r\u00fabriques als quals facilita la ong B\u2019tselem, entre 2000 i setembre de 2023, la suma de totes dues r\u00fabriques donaria la xifra total de morts entre 1900 i setembre de 2023 de 79 338 \u00e0rabs-palestins i 12 159 jueus-israelians.<span class=\"footnote-back-link-wrapper\">[<a href=\"#identifier_17_17450\" class=\"footnote-link footnote-back-link\">&#8617;<\/a>]<\/span><\/li><\/ol>","protected":false},"excerpt":{"rendered":"<p>Aqu\u00ed et presento un resum de la hist\u00f2ria de Palestina des del principi, posant l&#8217;accent principalment en l&#8217;esdevingut a conseq\u00fc\u00e8ncia de la migraci\u00f3 massiva de jueus a aquesta terra a partir de finals del segle XIX.<\/p>\n","protected":false},"author":1,"featured_media":18062,"comment_status":"closed","ping_status":"closed","sticky":false,"template":"","format":"standard","meta":{"footnotes":""},"categories":[148,326,150],"tags":[],"class_list":["post-17450","post","type-post","status-publish","format-standard","has-post-thumbnail","hentry","category-monanalisis-ca","category-palestina-ca","category-relacions-internacionals"],"_links":{"self":[{"href":"https:\/\/mongonzalez.es\/ca\/wp-json\/wp\/v2\/posts\/17450","targetHints":{"allow":["GET"]}}],"collection":[{"href":"https:\/\/mongonzalez.es\/ca\/wp-json\/wp\/v2\/posts"}],"about":[{"href":"https:\/\/mongonzalez.es\/ca\/wp-json\/wp\/v2\/types\/post"}],"author":[{"embeddable":true,"href":"https:\/\/mongonzalez.es\/ca\/wp-json\/wp\/v2\/users\/1"}],"replies":[{"embeddable":true,"href":"https:\/\/mongonzalez.es\/ca\/wp-json\/wp\/v2\/comments?post=17450"}],"version-history":[{"count":0,"href":"https:\/\/mongonzalez.es\/ca\/wp-json\/wp\/v2\/posts\/17450\/revisions"}],"wp:featuredmedia":[{"embeddable":true,"href":"https:\/\/mongonzalez.es\/ca\/wp-json\/wp\/v2\/media\/18062"}],"wp:attachment":[{"href":"https:\/\/mongonzalez.es\/ca\/wp-json\/wp\/v2\/media?parent=17450"}],"wp:term":[{"taxonomy":"category","embeddable":true,"href":"https:\/\/mongonzalez.es\/ca\/wp-json\/wp\/v2\/categories?post=17450"},{"taxonomy":"post_tag","embeddable":true,"href":"https:\/\/mongonzalez.es\/ca\/wp-json\/wp\/v2\/tags?post=17450"}],"curies":[{"name":"wp","href":"https:\/\/api.w.org\/{rel}","templated":true}]}}